{"id":979,"date":"2009-07-06T20:42:29","date_gmt":"2009-07-06T18:42:29","guid":{"rendered":"http:\/\/www.slometeo.net\/zaplana\/blog\/?p=979"},"modified":"2011-11-09T10:28:39","modified_gmt":"2011-11-09T09:28:39","slug":"javornik-nad-colom-21-marca-2009","status":"publish","type":"post","link":"http:\/\/www.slometeo.net\/zaplana\/blog\/?p=979","title":{"rendered":"Javornik nad \u00c4\u0152rnim Vrhom 21.marca 2009"},"content":{"rendered":"<p style=\"margin-bottom: 0cm; text-align: justify;\">S\u00c2\u00a0prijateljem Iztokom Milklav\u00c4\u008di\u00c4\u008dem (lastnik vremenske postaje Petkovec) sva se v soboto 21.marca odpravila na Javornik nad Colom. Predlani sva \u00c5\u00a1la do tja s kolesi, tokrat pa sva se zaradi vremenskih razmer raje odpravila z avtomobilom. Izhodi\u00c5\u00a1\u00c4\u008de so bile Gornje Lome (800m) ju\u00c5\u00beno od \u00c4\u0152rnega Vrha nad Idrijo.<\/p>\n<p style=\"margin-bottom: 0cm; text-align: justify;\">Na tej nadmorski vi\u00c5\u00a1ini snega ni bilo, razen v obliki sne\u00c5\u00benih krp na osojah in na dnu kra\u00c5\u00a1kih kotanj. Gre za spodnji del smu\u00c4\u008di\u00c5\u00a1\u00c4\u008da Javornik, na katerem so kon\u00c4\u008dali smu\u00c4\u008darsko sezono kak\u00c5\u00a1nih deset dni pred tem. Ponujajo vedno ve\u00c4\u008d dejavnosti tudi v topli polovici leta.<\/p>\n<p style=\"margin-bottom: 0cm; text-align: center;\"><a href=\"http:\/\/www.slometeo.net\/zaplana\/blog\/wp-content\/uploads\/2009\/07\/javornik1.jpg\" target=\"_blank\" rel=\"lightbox[979]\"><img decoding=\"async\" loading=\"lazy\" class=\"aligncenter size-thumbnail wp-image-1049\" title=\"javornik1\" src=\"http:\/\/www.slometeo.net\/zaplana\/blog\/wp-content\/uploads\/2009\/07\/javornik1-130x97.jpg\" alt=\"javornik1\" width=\"130\" height=\"97\" srcset=\"http:\/\/www.slometeo.net\/zaplana\/blog\/wp-content\/uploads\/2009\/07\/javornik1-130x97.jpg 130w, http:\/\/www.slometeo.net\/zaplana\/blog\/wp-content\/uploads\/2009\/07\/javornik1.jpg 800w\" sizes=\"(max-width: 130px) 100vw, 130px\" \/><\/a><\/p>\n<p style=\"margin-bottom: 0cm;\">Listje je ob vetru fr\u00c4\u008dalo po zraku.<\/p>\n<p style=\"margin-bottom: 0cm;\"><a href=\"http:\/\/www.slometeo.net\/zaplana\/blog\/wp-content\/uploads\/2009\/07\/javornik2.jpg\" rel=\"lightbox[979]\"><img decoding=\"async\" loading=\"lazy\" class=\"aligncenter size-thumbnail wp-image-1050\" title=\"javornik2\" src=\"http:\/\/www.slometeo.net\/zaplana\/blog\/wp-content\/uploads\/2009\/07\/javornik2-130x97.jpg\" alt=\"javornik2\" width=\"130\" height=\"97\" srcset=\"http:\/\/www.slometeo.net\/zaplana\/blog\/wp-content\/uploads\/2009\/07\/javornik2-130x97.jpg 130w, http:\/\/www.slometeo.net\/zaplana\/blog\/wp-content\/uploads\/2009\/07\/javornik2.jpg 800w\" sizes=\"(max-width: 130px) 100vw, 130px\" \/><\/a><\/p>\n<p style=\"margin-bottom: 0cm;\">Na osojnem pobo\u00c4\u008dju se je strnjena sne\u00c5\u00bena odeja pri\u00c4\u008dela nad okoli 900m vi\u00c5\u00a1ine.<\/p>\n<p style=\"margin-bottom: 0cm; text-align: center;\"><a href=\"http:\/\/www.slometeo.net\/zaplana\/blog\/wp-content\/uploads\/2009\/07\/javornik3.jpg\" target=\"_blank\" rel=\"lightbox[979]\"><img decoding=\"async\" loading=\"lazy\" class=\"aligncenter size-thumbnail wp-image-1051\" title=\"javornik3\" src=\"http:\/\/www.slometeo.net\/zaplana\/blog\/wp-content\/uploads\/2009\/07\/javornik3-130x97.jpg\" alt=\"javornik3\" width=\"130\" height=\"97\" srcset=\"http:\/\/www.slometeo.net\/zaplana\/blog\/wp-content\/uploads\/2009\/07\/javornik3-130x97.jpg 130w, http:\/\/www.slometeo.net\/zaplana\/blog\/wp-content\/uploads\/2009\/07\/javornik3.jpg 800w\" sizes=\"(max-width: 130px) 100vw, 130px\" \/><\/a><\/p>\n<p style=\"margin-bottom: 0cm;\">Eden od sne\u00c5\u00benih topov, s katerimi umetno zasne\u00c5\u00beujejo smu\u00c4\u008di\u00c5\u00a1\u00c4\u008de.<\/p>\n<p style=\"margin-bottom: 0cm; text-align: center;\"><a href=\"http:\/\/www.slometeo.net\/zaplana\/blog\/wp-content\/uploads\/2009\/07\/javornik4.jpg\" target=\"_blank\" rel=\"lightbox[979]\"><img decoding=\"async\" loading=\"lazy\" class=\"aligncenter size-thumbnail wp-image-1053\" title=\"javornik4\" src=\"http:\/\/www.slometeo.net\/zaplana\/blog\/wp-content\/uploads\/2009\/07\/javornik4-130x97.jpg\" alt=\"javornik4\" width=\"130\" height=\"97\" srcset=\"http:\/\/www.slometeo.net\/zaplana\/blog\/wp-content\/uploads\/2009\/07\/javornik4-130x97.jpg 130w, http:\/\/www.slometeo.net\/zaplana\/blog\/wp-content\/uploads\/2009\/07\/javornik4.jpg 800w\" sizes=\"(max-width: 130px) 100vw, 130px\" \/><\/a><\/p>\n<p style=\"margin-bottom: 0cm; text-align: justify;\">Stezo, ki vodi naravnost proti vrhu Javornika sva sicer opazila, a je bila poledenela in sva se raje odpravila po dalj\u00c5\u00a1i poti. Kmalu sva ugotovila, da sva za\u00c5\u00a1la preve\u00c4\u008d proti jugu. Medtem, ko sva se nekaj \u00c4\u008dasa iskala po gozdu, sem naletel \u00c5\u00a1e na zanimive luknje v sne\u00c5\u00beni odeji. O\u00c4\u008ditno prihaja to\u00c4\u008dkasto na dan iz kra\u00c5\u00a1ke notranjosti topel zrak.<\/p>\n<p style=\"margin-bottom: 0cm; text-align: center;\"><a href=\"http:\/\/www.slometeo.net\/zaplana\/blog\/wp-content\/uploads\/2009\/07\/javornik5.jpg\" target=\"_blank\" rel=\"lightbox[979]\"><img decoding=\"async\" loading=\"lazy\" class=\"aligncenter size-thumbnail wp-image-1054\" title=\"javornik5\" src=\"http:\/\/www.slometeo.net\/zaplana\/blog\/wp-content\/uploads\/2009\/07\/javornik5-130x97.jpg\" alt=\"javornik5\" width=\"130\" height=\"97\" srcset=\"http:\/\/www.slometeo.net\/zaplana\/blog\/wp-content\/uploads\/2009\/07\/javornik5-130x97.jpg 130w, http:\/\/www.slometeo.net\/zaplana\/blog\/wp-content\/uploads\/2009\/07\/javornik5.jpg 800w\" sizes=\"(max-width: 130px) 100vw, 130px\" \/><\/a><\/p>\n<p style=\"margin-bottom: 0cm; text-align: center;\"><a href=\"http:\/\/www.slometeo.net\/zaplana\/blog\/wp-content\/uploads\/2009\/07\/javornik6.jpg\" target=\"_blank\" rel=\"lightbox[979]\"><img decoding=\"async\" loading=\"lazy\" class=\"aligncenter size-thumbnail wp-image-1055\" title=\"javornik6\" src=\"http:\/\/www.slometeo.net\/zaplana\/blog\/wp-content\/uploads\/2009\/07\/javornik6-130x97.jpg\" alt=\"javornik6\" width=\"130\" height=\"97\" srcset=\"http:\/\/www.slometeo.net\/zaplana\/blog\/wp-content\/uploads\/2009\/07\/javornik6-130x97.jpg 130w, http:\/\/www.slometeo.net\/zaplana\/blog\/wp-content\/uploads\/2009\/07\/javornik6.jpg 800w\" sizes=\"(max-width: 130px) 100vw, 130px\" \/><\/a><\/p>\n<p style=\"margin-bottom: 0cm; text-align: center;\"><a href=\"http:\/\/www.slometeo.net\/zaplana\/blog\/wp-content\/uploads\/2009\/07\/javornik7.jpg\" target=\"_blank\" rel=\"lightbox[979]\"><img decoding=\"async\" loading=\"lazy\" class=\"aligncenter size-thumbnail wp-image-1056\" title=\"javornik7\" src=\"http:\/\/www.slometeo.net\/zaplana\/blog\/wp-content\/uploads\/2009\/07\/javornik7-130x97.jpg\" alt=\"javornik7\" width=\"130\" height=\"97\" srcset=\"http:\/\/www.slometeo.net\/zaplana\/blog\/wp-content\/uploads\/2009\/07\/javornik7-130x97.jpg 130w, http:\/\/www.slometeo.net\/zaplana\/blog\/wp-content\/uploads\/2009\/07\/javornik7.jpg 800w\" sizes=\"(max-width: 130px) 100vw, 130px\" \/><\/a><\/p>\n<p style=\"margin-bottom: 0cm; text-align: center;\"><a href=\"http:\/\/www.slometeo.net\/zaplana\/blog\/wp-content\/uploads\/2009\/07\/javornik8.jpg\" target=\"_blank\" rel=\"lightbox[979]\"><img decoding=\"async\" loading=\"lazy\" class=\"aligncenter size-thumbnail wp-image-1057\" title=\"javornik8\" src=\"http:\/\/www.slometeo.net\/zaplana\/blog\/wp-content\/uploads\/2009\/07\/javornik8-130x97.jpg\" alt=\"javornik8\" width=\"130\" height=\"97\" srcset=\"http:\/\/www.slometeo.net\/zaplana\/blog\/wp-content\/uploads\/2009\/07\/javornik8-130x97.jpg 130w, http:\/\/www.slometeo.net\/zaplana\/blog\/wp-content\/uploads\/2009\/07\/javornik8.jpg 800w\" sizes=\"(max-width: 130px) 100vw, 130px\" \/><\/a><\/p>\n<p style=\"margin-bottom: 0cm;\">V bli\u00c5\u00beini doma\u00c4\u008dije Skvar\u00c4\u008d. Kras je opazen na vsakem koraku.<\/p>\n<p style=\"margin-bottom: 0cm; text-align: center;\"><a href=\"http:\/\/www.slometeo.net\/zaplana\/blog\/wp-content\/uploads\/2009\/07\/javornik9.jpg\" target=\"_blank\" rel=\"lightbox[979]\"><img decoding=\"async\" loading=\"lazy\" class=\"aligncenter size-thumbnail wp-image-1058\" title=\"javornik9\" src=\"http:\/\/www.slometeo.net\/zaplana\/blog\/wp-content\/uploads\/2009\/07\/javornik9-130x97.jpg\" alt=\"javornik9\" width=\"130\" height=\"97\" srcset=\"http:\/\/www.slometeo.net\/zaplana\/blog\/wp-content\/uploads\/2009\/07\/javornik9-130x97.jpg 130w, http:\/\/www.slometeo.net\/zaplana\/blog\/wp-content\/uploads\/2009\/07\/javornik9.jpg 800w\" sizes=\"(max-width: 130px) 100vw, 130px\" \/><\/a><\/p>\n<p style=\"margin-bottom: 0cm; text-align: justify;\">Sne\u00c5\u00bena odeja je bila zelo neenakomerna. Na prisojah je ponekod bil sneg, ponekod pa tudi ne. Na manj\u00c5\u00a1i travnati jasi, kjer je bila debelina sne\u00c5\u00bene odeje reprezentativna, sem nameril 20cm snega, medtem ko ga je bilo po gozdu tudi 60cm. Ponekod so hojo ote\u00c5\u00beevale poledenele povr\u00c5\u00a1ine, sneg je bil sicer pomrznjen, ponekod pa je bilo na vrhu nekaj suhega snega od minulega sne\u00c5\u00beenja ali pa je sneg prinesel veter od drugod.<\/p>\n<p style=\"margin-bottom: 0cm;\">Sne\u00c5\u00bene razmere na zahodno orientiranem pobo\u00c4\u008dju.<\/p>\n<p style=\"margin-bottom: 0cm; text-align: center;\"><a href=\"http:\/\/www.slometeo.net\/zaplana\/blog\/wp-content\/uploads\/2009\/07\/javornik10.jpg\" target=\"_blank\" rel=\"lightbox[979]\"><img decoding=\"async\" loading=\"lazy\" class=\"aligncenter size-thumbnail wp-image-1059\" title=\"javornik10\" src=\"http:\/\/www.slometeo.net\/zaplana\/blog\/wp-content\/uploads\/2009\/07\/javornik10-130x97.jpg\" alt=\"javornik10\" width=\"130\" height=\"97\" srcset=\"http:\/\/www.slometeo.net\/zaplana\/blog\/wp-content\/uploads\/2009\/07\/javornik10-130x97.jpg 130w, http:\/\/www.slometeo.net\/zaplana\/blog\/wp-content\/uploads\/2009\/07\/javornik10.jpg 800w\" sizes=\"(max-width: 130px) 100vw, 130px\" \/><\/a><\/p>\n<p style=\"margin-bottom: 0cm; text-align: justify;\">V najvi\u00c5\u00a1jem delu smu\u00c4\u008di\u00c5\u00a1\u00c4\u008da Javornik pod Dednim vrhom (1220m) imajo na lo\u00c4\u008denem obmo\u00c4\u008dju urejen t.i. snow park\u00c2\u00a0 s skakalnico za deskarje, ki so ga preselili iz \u00c4\u0152rnega Vrha. Na tem obmo\u00c4\u008dju je lahko sne\u00c5\u00bena sezona precej dalj\u00c5\u00a1a kot v ni\u00c5\u00bejih legah, seveda pa je odvisno od zime do zime, do kak\u00c5\u00a1nih razlik v sne\u00c5\u00benih razmerah lahko pride.<\/p>\n<p style=\"margin-bottom: 0cm; text-align: center;\"><a href=\"http:\/\/www.slometeo.net\/zaplana\/blog\/wp-content\/uploads\/2009\/07\/javornik11.jpg\" target=\"_blank\" rel=\"lightbox[979]\"><img decoding=\"async\" loading=\"lazy\" class=\"aligncenter size-thumbnail wp-image-1061\" title=\"javornik11\" src=\"http:\/\/www.slometeo.net\/zaplana\/blog\/wp-content\/uploads\/2009\/07\/javornik11-130x97.jpg\" alt=\"javornik11\" width=\"130\" height=\"97\" srcset=\"http:\/\/www.slometeo.net\/zaplana\/blog\/wp-content\/uploads\/2009\/07\/javornik11-130x97.jpg 130w, http:\/\/www.slometeo.net\/zaplana\/blog\/wp-content\/uploads\/2009\/07\/javornik11.jpg 800w\" sizes=\"(max-width: 130px) 100vw, 130px\" \/><\/a><\/p>\n<p style=\"margin-bottom: 0cm;\">Pogled proti severovzhodu. Bazna antena mobilnega operaterja in radijska antena.<\/p>\n<p style=\"margin-bottom: 0cm; text-align: center;\"><a href=\"http:\/\/www.slometeo.net\/zaplana\/blog\/wp-content\/uploads\/2009\/07\/javornik12.jpg\" target=\"_blank\" rel=\"lightbox[979]\"><img decoding=\"async\" loading=\"lazy\" class=\"aligncenter size-thumbnail wp-image-1062\" title=\"javornik12\" src=\"http:\/\/www.slometeo.net\/zaplana\/blog\/wp-content\/uploads\/2009\/07\/javornik12-130x97.jpg\" alt=\"javornik12\" width=\"130\" height=\"97\" srcset=\"http:\/\/www.slometeo.net\/zaplana\/blog\/wp-content\/uploads\/2009\/07\/javornik12-130x97.jpg 130w, http:\/\/www.slometeo.net\/zaplana\/blog\/wp-content\/uploads\/2009\/07\/javornik12.jpg 800w\" sizes=\"(max-width: 130px) 100vw, 130px\" \/><\/a><\/p>\n<p style=\"margin-bottom: 0cm;\">Vzhodni veter je bil tu \u00c5\u00bee mo\u00c4\u008dan, na prevetrenost ka\u00c5\u00beejo preoblikovane drevesne kro\u00c5\u00a1nje.<\/p>\n<p style=\"margin-bottom: 0cm; text-align: center;\"><a href=\"http:\/\/www.slometeo.net\/zaplana\/blog\/wp-content\/uploads\/2009\/07\/javornik13.jpg\" target=\"_blank\" rel=\"lightbox[979]\"><img decoding=\"async\" loading=\"lazy\" class=\"aligncenter size-thumbnail wp-image-1063\" title=\"javornik13\" src=\"http:\/\/www.slometeo.net\/zaplana\/blog\/wp-content\/uploads\/2009\/07\/javornik13-130x97.jpg\" alt=\"javornik13\" width=\"130\" height=\"97\" srcset=\"http:\/\/www.slometeo.net\/zaplana\/blog\/wp-content\/uploads\/2009\/07\/javornik13-130x97.jpg 130w, http:\/\/www.slometeo.net\/zaplana\/blog\/wp-content\/uploads\/2009\/07\/javornik13.jpg 800w\" sizes=\"(max-width: 130px) 100vw, 130px\" \/><\/a><\/p>\n<p style=\"margin-bottom: 0cm; text-align: justify;\">Pred vzponom na Javornik sva se ustavila v Pirnatovi ko\u00c4\u008di, na okoli 1150m visokem sedlu med vi\u00c5\u00a1jim Javornikom in Dednim vrhom.<\/p>\n<p style=\"margin-bottom: 0cm; text-align: center;\"><a href=\"http:\/\/www.slometeo.net\/zaplana\/blog\/wp-content\/uploads\/2009\/07\/javornik14.jpg\" target=\"_blank\" rel=\"lightbox[979]\"><img decoding=\"async\" loading=\"lazy\" class=\"aligncenter size-thumbnail wp-image-1064\" title=\"javornik14\" src=\"http:\/\/www.slometeo.net\/zaplana\/blog\/wp-content\/uploads\/2009\/07\/javornik14-130x97.jpg\" alt=\"javornik14\" width=\"130\" height=\"97\" srcset=\"http:\/\/www.slometeo.net\/zaplana\/blog\/wp-content\/uploads\/2009\/07\/javornik14-130x97.jpg 130w, http:\/\/www.slometeo.net\/zaplana\/blog\/wp-content\/uploads\/2009\/07\/javornik14.jpg 800w\" sizes=\"(max-width: 130px) 100vw, 130px\" \/><\/a><\/p>\n<p style=\"margin-bottom: 0cm; text-align: justify;\">Z oskrbnikom smo malo podebatirali med drugim tudi o vremenskih posebnostih na tem obmo\u00c4\u008dju, toda prav veliko o tem ni znanega. Minulo zimo ni bilo ve\u00c4\u008d kot 140cm snega. \u00c5\u00a0ir\u00c5\u00a1e obmo\u00c4\u008dje se imenuje Javornik, tako ime pa ima tudi sam hrib Javornik (1240m). \u00c5\u00a0e vi\u00c5\u00a1ja sta Streli\u00c5\u00a1ki vrh (na fotografiji levo v ozadju) in Srednja gora (na desni).<\/p>\n<p style=\"margin-bottom: 0cm; text-align: center;\"><a href=\"http:\/\/www.slometeo.net\/zaplana\/blog\/wp-content\/uploads\/2009\/07\/javornik15.jpg\" target=\"_blank\" rel=\"lightbox[979]\"><img decoding=\"async\" loading=\"lazy\" class=\"aligncenter size-thumbnail wp-image-1065\" title=\"javornik15\" src=\"http:\/\/www.slometeo.net\/zaplana\/blog\/wp-content\/uploads\/2009\/07\/javornik15-130x97.jpg\" alt=\"javornik15\" width=\"130\" height=\"97\" srcset=\"http:\/\/www.slometeo.net\/zaplana\/blog\/wp-content\/uploads\/2009\/07\/javornik15-130x97.jpg 130w, http:\/\/www.slometeo.net\/zaplana\/blog\/wp-content\/uploads\/2009\/07\/javornik15.jpg 800w\" sizes=\"(max-width: 130px) 100vw, 130px\" \/><\/a><\/p>\n<p style=\"margin-bottom: 0cm; text-align: justify;\">Srednja gora je iz smeri Postojne dobro opazna zlasti zaradi tega, ker jo seka ozek pas fli\u00c5\u00a1a, kar se odra\u00c5\u00bea na rabi tal. Na vrhu je gozd, ni\u00c5\u00beje pas travnikov, \u00c5\u00a1e ni\u00c5\u00beje pa ponovno gozd.<\/p>\n<p style=\"margin-bottom: 0cm; text-align: justify;\"><span>Obiskano obmo\u00c4\u008dje je zanimivo tudi iz demografskega vidika. Skorajda ni kraja na teh visokih planotah, ki bi bele\u00c5\u00beil rast prebivalstva v obdobju 1992-2002, nekateri kraji pa nekoliko pridobivajo \u00c5\u00a1ele v zadnjih nekaj letih (\u00c4\u0152rni Vrh). Obmo\u00c4\u008dje se je izpraznilo, zaselek Javornik je leta 1992 uradno \u00c5\u00a1tel 7 prebivalcev, do leta 2002 pa je obmo\u00c4\u008dje skoraj povsem izpraznjeno, saj ima enega prebivalca. Dejansko se vidi tu opu\u00c5\u00a1\u00c4\u008dene objekte, pa kak\u00c5\u00a1ne \u00c5\u00bee kar stare a legendarne avtomobile.<br \/>\n<\/span><\/p>\n<p style=\"margin-bottom: 0cm;\">\u00c5\u00a0e zadnji travnik pod vrhom Javornika.<\/p>\n<p style=\"margin-bottom: 0cm; text-align: center;\"><a href=\"http:\/\/www.slometeo.net\/zaplana\/blog\/wp-content\/uploads\/2009\/07\/javornik16.jpg\" target=\"_blank\" rel=\"lightbox[979]\"><img decoding=\"async\" loading=\"lazy\" class=\"aligncenter size-thumbnail wp-image-1066\" title=\"javornik16\" src=\"http:\/\/www.slometeo.net\/zaplana\/blog\/wp-content\/uploads\/2009\/07\/javornik16-130x97.jpg\" alt=\"javornik16\" width=\"130\" height=\"97\" srcset=\"http:\/\/www.slometeo.net\/zaplana\/blog\/wp-content\/uploads\/2009\/07\/javornik16-130x97.jpg 130w, http:\/\/www.slometeo.net\/zaplana\/blog\/wp-content\/uploads\/2009\/07\/javornik16.jpg 800w\" sizes=\"(max-width: 130px) 100vw, 130px\" \/><\/a><\/p>\n<p style=\"margin-bottom: 0cm; text-align: justify;\">Na precej za\u00c5\u00a1iljenem vrhu rastejo zaradi vetra nekoliko zakrnele bukve, razgledni stolp pa je bil obnovljen nekaj let nazaj in komajda sega nad okoli\u00c5\u00a1kimi kro\u00c5\u00a1njami.<\/p>\n<p style=\"margin-bottom: 0cm; text-align: center;\"><a href=\"http:\/\/www.slometeo.net\/zaplana\/blog\/wp-content\/uploads\/2009\/07\/javornik17.jpg\" target=\"_blank\" rel=\"lightbox[979]\"><img decoding=\"async\" loading=\"lazy\" class=\"aligncenter size-thumbnail wp-image-1067\" title=\"javornik17\" src=\"http:\/\/www.slometeo.net\/zaplana\/blog\/wp-content\/uploads\/2009\/07\/javornik17-130x97.jpg\" alt=\"javornik17\" width=\"130\" height=\"97\" srcset=\"http:\/\/www.slometeo.net\/zaplana\/blog\/wp-content\/uploads\/2009\/07\/javornik17-130x97.jpg 130w, http:\/\/www.slometeo.net\/zaplana\/blog\/wp-content\/uploads\/2009\/07\/javornik17.jpg 800w\" sizes=\"(max-width: 130px) 100vw, 130px\" \/><\/a><\/p>\n<p style=\"margin-bottom: 0cm;\">Cesta proti Gornjim Lomam.<\/p>\n<p style=\"margin-bottom: 0cm; text-align: center;\"><a href=\"http:\/\/www.slometeo.net\/zaplana\/blog\/wp-content\/uploads\/2009\/07\/javornik18.jpg\" target=\"_blank\" rel=\"lightbox[979]\"><img decoding=\"async\" loading=\"lazy\" class=\"aligncenter size-thumbnail wp-image-1068\" title=\"javornik18\" src=\"http:\/\/www.slometeo.net\/zaplana\/blog\/wp-content\/uploads\/2009\/07\/javornik18-130x97.jpg\" alt=\"javornik18\" width=\"130\" height=\"97\" srcset=\"http:\/\/www.slometeo.net\/zaplana\/blog\/wp-content\/uploads\/2009\/07\/javornik18-130x97.jpg 130w, http:\/\/www.slometeo.net\/zaplana\/blog\/wp-content\/uploads\/2009\/07\/javornik18.jpg 800w\" sizes=\"(max-width: 130px) 100vw, 130px\" \/><\/a><\/p>\n<p style=\"margin-bottom: 0cm; text-align: justify;\">Pogled proti jugu; tik pod vrhom Pirnatova planinska ko\u00c4\u008da, v ozadju vrhnji del smu\u00c4\u008di\u00c5\u00a1\u00c4\u008da, ki se z zajeda v Dedni vrh.<\/p>\n<p style=\"margin-bottom: 0cm; text-align: center;\"><a href=\"http:\/\/www.slometeo.net\/zaplana\/blog\/wp-content\/uploads\/2009\/07\/javornik19.jpg\" target=\"_blank\" rel=\"lightbox[979]\"><img decoding=\"async\" loading=\"lazy\" class=\"aligncenter size-thumbnail wp-image-1069\" title=\"javornik19\" src=\"http:\/\/www.slometeo.net\/zaplana\/blog\/wp-content\/uploads\/2009\/07\/javornik19-130x97.jpg\" alt=\"javornik19\" width=\"130\" height=\"97\" srcset=\"http:\/\/www.slometeo.net\/zaplana\/blog\/wp-content\/uploads\/2009\/07\/javornik19-130x97.jpg 130w, http:\/\/www.slometeo.net\/zaplana\/blog\/wp-content\/uploads\/2009\/07\/javornik19.jpg 800w\" sizes=\"(max-width: 130px) 100vw, 130px\" \/><\/a><\/p>\n<p style=\"margin-bottom: 0cm;\">Pogled v drugo smer; osr\u00c4\u008dje Trnovskega gozda.<\/p>\n<p style=\"margin-bottom: 0cm; text-align: center;\"><a href=\"http:\/\/www.slometeo.net\/zaplana\/blog\/wp-content\/uploads\/2009\/07\/javornik20.jpg\" target=\"_blank\" rel=\"lightbox[979]\"><img decoding=\"async\" loading=\"lazy\" class=\"aligncenter size-thumbnail wp-image-1070\" title=\"javornik20\" src=\"http:\/\/www.slometeo.net\/zaplana\/blog\/wp-content\/uploads\/2009\/07\/javornik20-130x97.jpg\" alt=\"javornik20\" width=\"130\" height=\"97\" srcset=\"http:\/\/www.slometeo.net\/zaplana\/blog\/wp-content\/uploads\/2009\/07\/javornik20-130x97.jpg 130w, http:\/\/www.slometeo.net\/zaplana\/blog\/wp-content\/uploads\/2009\/07\/javornik20.jpg 800w\" sizes=\"(max-width: 130px) 100vw, 130px\" \/><\/a><\/p>\n<p style=\"margin-bottom: 0cm; text-align: justify;\">Kot je razvidno iz <a href=\"http:\/\/www.youtube.com\/watch?v=Wnn0xHCkzNs\" target=\"_blank\">video posnetka<\/a> je\u00c2\u00a0v najvi\u00c5\u00a1jih predelih Javornika mo\u00c4\u008dno pihalo, v sunkih verjetno okoli 100km\/h. Ko sicer piha burja je to obmo\u00c4\u008dje povsem v oblakih. Tukaj ve\u00c4\u008dinoma \u00c5\u00a1e ni prave fenizacije. Po satelitskih slikah se pri\u00c4\u008dne fenska jasnina zaradi burje malo pred Colom. Ob pogosti megli, vetru in nizkih temperaturah se ne gre \u00c4\u008duditi dolgemu ivju, ki se na tem obmo\u00c4\u008dju rado pojavlja. Zaradi burje se pojavljajo tudi oblaki le\u00c4\u008dastih oblik, ki so opazni na nekaterih fotografijah.<\/p>\n<p style=\"margin-bottom: 0cm; text-align: center;\"><a href=\"http:\/\/www.slometeo.net\/zaplana\/blog\/wp-content\/uploads\/2009\/07\/javornik21.jpg\" target=\"_blank\" rel=\"lightbox[979]\"><img decoding=\"async\" loading=\"lazy\" class=\"aligncenter size-thumbnail wp-image-1072\" title=\"javornik21\" src=\"http:\/\/www.slometeo.net\/zaplana\/blog\/wp-content\/uploads\/2009\/07\/javornik21-130x97.jpg\" alt=\"javornik21\" width=\"130\" height=\"97\" srcset=\"http:\/\/www.slometeo.net\/zaplana\/blog\/wp-content\/uploads\/2009\/07\/javornik21-130x97.jpg 130w, http:\/\/www.slometeo.net\/zaplana\/blog\/wp-content\/uploads\/2009\/07\/javornik21.jpg 800w\" sizes=\"(max-width: 130px) 100vw, 130px\" \/><\/a><\/p>\n<p style=\"margin-bottom: 0cm; text-align: center;\"><a href=\"http:\/\/www.slometeo.net\/zaplana\/blog\/wp-content\/uploads\/2009\/07\/javornik22.jpg\" target=\"_blank\" rel=\"lightbox[979]\"><img decoding=\"async\" loading=\"lazy\" class=\"aligncenter size-thumbnail wp-image-1073\" title=\"javornik22\" src=\"http:\/\/www.slometeo.net\/zaplana\/blog\/wp-content\/uploads\/2009\/07\/javornik22-130x97.jpg\" alt=\"javornik22\" width=\"130\" height=\"97\" srcset=\"http:\/\/www.slometeo.net\/zaplana\/blog\/wp-content\/uploads\/2009\/07\/javornik22-130x97.jpg 130w, http:\/\/www.slometeo.net\/zaplana\/blog\/wp-content\/uploads\/2009\/07\/javornik22.jpg 800w\" sizes=\"(max-width: 130px) 100vw, 130px\" \/><\/a><\/p>\n<p style=\"margin-bottom: 0cm; text-align: justify;\">Smu\u00c4\u008di\u00c5\u00a1\u00c4\u008de je bolj polo\u00c5\u00beno samo na vrhu in \u00c4\u008disto spodaj, sicer pa gre za zahtevnej\u00c5\u00a1e smu\u00c4\u008darske proge.<\/p>\n<p style=\"margin-bottom: 0cm; text-align: center;\"><a href=\"http:\/\/www.slometeo.net\/zaplana\/blog\/wp-content\/uploads\/2009\/07\/javornik23.jpg\" target=\"_blank\" rel=\"lightbox[979]\"><img decoding=\"async\" loading=\"lazy\" class=\"aligncenter size-thumbnail wp-image-1074\" title=\"javornik23\" src=\"http:\/\/www.slometeo.net\/zaplana\/blog\/wp-content\/uploads\/2009\/07\/javornik23-130x97.jpg\" alt=\"javornik23\" width=\"130\" height=\"97\" srcset=\"http:\/\/www.slometeo.net\/zaplana\/blog\/wp-content\/uploads\/2009\/07\/javornik23-130x97.jpg 130w, http:\/\/www.slometeo.net\/zaplana\/blog\/wp-content\/uploads\/2009\/07\/javornik23.jpg 800w\" sizes=\"(max-width: 130px) 100vw, 130px\" \/><\/a><\/p>\n<p style=\"margin-bottom: 0cm;\">Pogled proti Logatcu.<\/p>\n<p style=\"margin-bottom: 0cm; text-align: center;\"><a href=\"http:\/\/www.slometeo.net\/zaplana\/blog\/wp-content\/uploads\/2009\/07\/javornik24.jpg\" target=\"_blank\" rel=\"lightbox[979]\"><img decoding=\"async\" loading=\"lazy\" class=\"aligncenter size-thumbnail wp-image-1075\" title=\"javornik24\" src=\"http:\/\/www.slometeo.net\/zaplana\/blog\/wp-content\/uploads\/2009\/07\/javornik24-130x97.jpg\" alt=\"javornik24\" width=\"130\" height=\"97\" srcset=\"http:\/\/www.slometeo.net\/zaplana\/blog\/wp-content\/uploads\/2009\/07\/javornik24-130x97.jpg 130w, http:\/\/www.slometeo.net\/zaplana\/blog\/wp-content\/uploads\/2009\/07\/javornik24.jpg 800w\" sizes=\"(max-width: 130px) 100vw, 130px\" \/><\/a><\/p>\n<p style=\"margin-bottom: 0cm;\">Logatec, na levi je viden kamnolom Verd.<\/p>\n<p style=\"margin-bottom: 0cm; text-align: center;\"><a href=\"http:\/\/www.slometeo.net\/zaplana\/blog\/wp-content\/uploads\/2009\/07\/javornik25.jpg\" target=\"_blank\" rel=\"lightbox[979]\"><img decoding=\"async\" loading=\"lazy\" class=\"aligncenter size-thumbnail wp-image-1076\" title=\"javornik25\" src=\"http:\/\/www.slometeo.net\/zaplana\/blog\/wp-content\/uploads\/2009\/07\/javornik25-130x97.jpg\" alt=\"javornik25\" width=\"130\" height=\"97\" srcset=\"http:\/\/www.slometeo.net\/zaplana\/blog\/wp-content\/uploads\/2009\/07\/javornik25-130x97.jpg 130w, http:\/\/www.slometeo.net\/zaplana\/blog\/wp-content\/uploads\/2009\/07\/javornik25.jpg 800w\" sizes=\"(max-width: 130px) 100vw, 130px\" \/><\/a><\/p>\n<p style=\"margin-bottom: 0cm;\">Pogled na Javornik od dale\u00c4\u008d; do izraza pride zna\u00c4\u008dilno presekan vrh.<\/p>\n<p style=\"margin-bottom: 0cm; text-align: center;\"><a href=\"http:\/\/www.slometeo.net\/zaplana\/blog\/wp-content\/uploads\/2009\/07\/javornik26.jpg\" target=\"_blank\" rel=\"lightbox[979]\"><img decoding=\"async\" loading=\"lazy\" class=\"aligncenter size-thumbnail wp-image-1077\" title=\"javornik26\" src=\"http:\/\/www.slometeo.net\/zaplana\/blog\/wp-content\/uploads\/2009\/07\/javornik26-130x97.jpg\" alt=\"javornik26\" width=\"130\" height=\"97\" srcset=\"http:\/\/www.slometeo.net\/zaplana\/blog\/wp-content\/uploads\/2009\/07\/javornik26-130x97.jpg 130w, http:\/\/www.slometeo.net\/zaplana\/blog\/wp-content\/uploads\/2009\/07\/javornik26.jpg 800w\" sizes=\"(max-width: 130px) 100vw, 130px\" \/><\/a><\/p>\n<p style=\"margin-bottom: 0cm;\">Tako se ta hrib ka\u00c5\u00bee tudi od dale\u00c4\u008d, denimo z Zaplane (slikano pred tedni).<\/p>\n<p style=\"margin-bottom: 0cm; text-align: center;\"><a href=\"http:\/\/www.slometeo.net\/zaplana\/blog\/wp-content\/uploads\/2009\/06\/javornik.jpg\" target=\"_blank\" rel=\"lightbox[979]\"><img decoding=\"async\" loading=\"lazy\" class=\"aligncenter size-thumbnail wp-image-305\" title=\"javornik\" src=\"http:\/\/www.slometeo.net\/zaplana\/blog\/wp-content\/uploads\/2009\/06\/javornik-130x97.jpg\" alt=\"javornik\" width=\"130\" height=\"97\" srcset=\"http:\/\/www.slometeo.net\/zaplana\/blog\/wp-content\/uploads\/2009\/06\/javornik-130x97.jpg 130w, http:\/\/www.slometeo.net\/zaplana\/blog\/wp-content\/uploads\/2009\/06\/javornik.jpg 640w\" sizes=\"(max-width: 130px) 100vw, 130px\" \/><\/a><\/p>\n<p style=\"margin-bottom: 0cm; text-align: justify;\">Na tem obmo\u00c4\u008dju je neko\u00c4\u008d delovala padavinska meteorolo\u00c5\u00a1ka postaja.\u00c2\u00a0 Glede na koordinate je stala v bli\u00c5\u00beini doma\u00c4\u008dije Rudolf, v prisojni legi na nadmorski vi\u00c5\u00a1ini 1100m. Z podatki iz te meteorolo\u00c5\u00a1ke postaje sem se osebno prvi\u00c4\u008d seznanil z odprtjem digitalnega arhiva meteorolo\u00c5\u00a1kih podatkov na ARSO spomladi 2009.<\/p>\n<p style=\"margin-bottom: 0cm; text-align: justify;\">Klimatolo\u00c5\u00a1ke karte ka\u00c5\u00beejo, da ima obmo\u00c4\u008dje Javornika bolj\u00c5\u00a1e sne\u00c5\u00bene razmere od okolice. Glede na karte, ki verjetno temeljijo ravno na osnovi podatkov iz padavinske postaje Javornik, je bila v preteklosti na tem obmo\u00c4\u008dju velika zimska kumulativa novo zapadlega snega, pa tudi maksimalna vi\u00c5\u00a1ina snega s povratno dobo 50 let je nenavadno velika.\u00c2\u00a0 Obmo\u00c4\u008dje je izpostavljeno proti jugozahodu in tudi proti vzhodu, saj gre za masivno, okoli 700m visoko gorsko pregrado nad Hotedr\u00c5\u00a1ico. Obmo\u00c4\u008dje je blizu \u00c4\u0152rnega Vrha, ki prejema okoli 2500mm padavin na leto. Toda \u00c4\u0152rni Vrh ni tako izpostavljen proti vzhodu. \u00c5\u00a0koda, da na tem obmo\u00c4\u008dju, kjer je veliko dejavnosti (smu\u00c4\u008di\u00c5\u00a1\u00c4\u008de, proge za gorske kolesarje, planinska ko\u00c4\u008da, astronomski observatorij, potresna opazovalnica), ni ve\u00c4\u008d meteorolo\u00c5\u00a1kih opazovanj.<\/p>\n<p style=\"margin-bottom: 0cm; text-align: justify;\">Obmo\u00c4\u008dje Javornika je ob burji pogosto v oblakih, kar se iz smeri Zaplane vidi kot obla\u00c4\u008dna kapa oz. burjin oblak. Posledica megle, vetra in nizkih temperatur je ivje, ki pogosto nastaja na drevesih in razglednem stolpu. Burja je najmo\u00c4\u008dnej\u00c5\u00a1a na razglednem stolpu na vrhu Javornika in v vrhnjem delu smu\u00c4\u008di\u00c5\u00a1\u00c4\u008da. V gozdu ali malo pod grebenom na primorsko stran pa je kot bi odrezal zati\u00c5\u00a1je.<\/p>\n<p style=\"margin-bottom: 0cm; text-align: center;\"><a href=\"http:\/\/www.slometeo.net\/zaplana\/blog\/wp-content\/uploads\/2009\/07\/burjin.jpg\" target=\"_blank\" rel=\"lightbox[979]\"><img decoding=\"async\" loading=\"lazy\" class=\"aligncenter size-thumbnail wp-image-1082\" title=\"burjin\" src=\"http:\/\/www.slometeo.net\/zaplana\/blog\/wp-content\/uploads\/2009\/07\/burjin-130x36.jpg\" alt=\"burjin\" width=\"130\" height=\"36\" srcset=\"http:\/\/www.slometeo.net\/zaplana\/blog\/wp-content\/uploads\/2009\/07\/burjin-130x36.jpg 130w, http:\/\/www.slometeo.net\/zaplana\/blog\/wp-content\/uploads\/2009\/07\/burjin-800x226.jpg 800w, http:\/\/www.slometeo.net\/zaplana\/blog\/wp-content\/uploads\/2009\/07\/burjin.jpg 2000w\" sizes=\"(max-width: 130px) 100vw, 130px\" \/><\/a><em>Pogled na burjin oblak na Hru\u00c5\u00a1ici z Zaplane.<\/em><\/p>\n<p style=\"margin-bottom: 0cm; text-align: justify;\">V digitalnem arhivu meteorolo\u00c5\u00a1kih podatkov so iz padavinske postaje Javornik na voljo podatki\u00c2\u00a0 za obdobje 1961-1977. V tem obdobju je padlo ve\u00c4\u008dinoma manj padavin kot na okoli\u00c5\u00a1kih meteorolo\u00c5\u00a1kih postajah, kot so \u00c4\u0152rni Vrh, Hru\u00c5\u00a1ica in Podkraj. Razliko je mogo\u00c4\u008de pojasniti z lego postaje na prevetreni legi, ki ima za posledico manj\u00c5\u00a1o izmerjeno koli\u00c4\u008dino padavin kot na ni\u00c5\u00bejih, zati\u00c5\u00a1nih postajah. Odprto ostaja tudi vpra\u00c5\u00a1anje glede razlik v izmerjeni koli\u00c4\u008dini padavin med postajami, saj je v prvi polovici merilnega niza imel Javornik najmanj\u00c5\u00a1o koli\u00c4\u008dino padavin, veliko manj\u00c5\u00a1o kot na \u00c4\u0152rnem Vrhu, nato pa se je v enem letu to spremenilo in je bila na Javorniku v vseh naslednjih letih koli\u00c4\u008dina padavin podobna tisti na \u00c4\u0152rnem Vrhu. Ali je v dolo\u00c4\u008denem letu pri\u00c5\u00a1lo do kak\u00c5\u00a1ne spremembe v meritvah padavin?<\/p>\n<p style=\"margin-bottom: 0cm; text-align: justify;\">Kljub ni\u00c5\u00beji prisojni legi meteorolo\u00c5\u00a1ke postaje so podatki o sne\u00c5\u00benih razmerah zelo zanimivi. V omenjenem merilnem nizu je bilo najve\u00c4\u008d snega februarja 1969, in sicer 245cm. Ve\u00c4\u008dkrat je sne\u00c5\u00beilo meseca junija, 3.junija 1962 pa je bilo ob 8.uri zjutraj izmerjeno celo 7cm snega. 20.septembra 1977 je bilo izmerjeno kar 45cm snega.<\/p>\n<p style=\"margin-bottom: 0cm; text-align: justify;\">Viri podatkov:<\/p>\n<p style=\"margin-bottom: 0cm; text-align: justify;\">&#8211; digitalni arhiv meteorolo\u00c5\u00a1kih podatkov ARSO-meteo.si<\/p>\n<p style=\"margin-bottom: 0cm; text-align: justify;\">&#8211; Popis prebivalstva 1991 in 2002<\/p>\n<p style=\"margin-bottom: 0cm; text-align: justify;\">&#8211; Janko Pu\u00c4\u008dnik &#8211; Velika knjiga o vremenu<\/p>\n<p style=\"margin-bottom: 0cm; text-align: justify;\">\n","protected":false},"excerpt":{"rendered":"<p>S\u00c2\u00a0prijateljem Iztokom Milklav\u00c4\u008di\u00c4\u008dem (lastnik vremenske postaje Petkovec) sva se v soboto 21.marca odpravila na Javornik nad Colom. Predlani sva \u00c5\u00a1la do tja s kolesi, tokrat pa sva se zaradi vremenskih razmer raje odpravila z avtomobilom. Izhodi\u00c5\u00a1\u00c4\u008de so bile Gornje Lome (800m) ju\u00c5\u00beno od \u00c4\u0152rnega Vrha nad Idrijo. Na tej nadmorski vi\u00c5\u00a1ini snega ni bilo, razen [&hellip;]<\/p>\n","protected":false},"author":1,"featured_media":0,"comment_status":"open","ping_status":"open","sticky":false,"template":"","format":"standard","meta":[],"categories":[11],"tags":[],"_links":{"self":[{"href":"http:\/\/www.slometeo.net\/zaplana\/blog\/index.php?rest_route=\/wp\/v2\/posts\/979"}],"collection":[{"href":"http:\/\/www.slometeo.net\/zaplana\/blog\/index.php?rest_route=\/wp\/v2\/posts"}],"about":[{"href":"http:\/\/www.slometeo.net\/zaplana\/blog\/index.php?rest_route=\/wp\/v2\/types\/post"}],"author":[{"embeddable":true,"href":"http:\/\/www.slometeo.net\/zaplana\/blog\/index.php?rest_route=\/wp\/v2\/users\/1"}],"replies":[{"embeddable":true,"href":"http:\/\/www.slometeo.net\/zaplana\/blog\/index.php?rest_route=%2Fwp%2Fv2%2Fcomments&post=979"}],"version-history":[{"count":25,"href":"http:\/\/www.slometeo.net\/zaplana\/blog\/index.php?rest_route=\/wp\/v2\/posts\/979\/revisions"}],"predecessor-version":[{"id":6417,"href":"http:\/\/www.slometeo.net\/zaplana\/blog\/index.php?rest_route=\/wp\/v2\/posts\/979\/revisions\/6417"}],"wp:attachment":[{"href":"http:\/\/www.slometeo.net\/zaplana\/blog\/index.php?rest_route=%2Fwp%2Fv2%2Fmedia&parent=979"}],"wp:term":[{"taxonomy":"category","embeddable":true,"href":"http:\/\/www.slometeo.net\/zaplana\/blog\/index.php?rest_route=%2Fwp%2Fv2%2Fcategories&post=979"},{"taxonomy":"post_tag","embeddable":true,"href":"http:\/\/www.slometeo.net\/zaplana\/blog\/index.php?rest_route=%2Fwp%2Fv2%2Ftags&post=979"}],"curies":[{"name":"wp","href":"https:\/\/api.w.org\/{rel}","templated":true}]}}