{"id":973,"date":"2009-07-06T20:40:58","date_gmt":"2009-07-06T18:40:58","guid":{"rendered":"http:\/\/www.slometeo.net\/zaplana\/blog\/?p=973"},"modified":"2011-11-09T10:22:34","modified_gmt":"2011-11-09T09:22:34","slug":"novi-slovenski-temperaturni-rekord-9-januarja-2009","status":"publish","type":"post","link":"http:\/\/www.slometeo.net\/zaplana\/blog\/?p=973","title":{"rendered":"-49,1\u00c2\u00b0C v mrazi\u00c5\u00a1\u00c4\u008du na Komni 9.januarja 2009"},"content":{"rendered":"<p style=\"margin-bottom: 0cm; text-align: justify;\">9.januarja zjutraj smo raziskovalci mrazi\u00c5\u00a1\u00c4\u008d v okviru Slovenskega meteorolo\u00c5\u00a1kega foruma v mrazi\u00c5\u00a1\u00c4\u008dih na Komni v Bohinju zabele\u00c5\u00beili do sedaj najni\u00c5\u00bejo izmerjeno temperaturo v Sloveniji. Kontinuirane meritve so se pri\u00c4\u008dele v zimi 2005\/2006, marca 2005 so mar\u00c5\u00a1rutne meritve dale vrednost -41,1\u00c2\u00b0C, januarja 2006 pa je bila izmerjena temperatura -41,7\u00c2\u00b0C.<\/p>\n<p style=\"margin-bottom: 0cm; text-align: justify;\">V no\u00c4\u008di na 9.januar 2009 pa je <strong>minimalni alkoholni termometer v mrazi\u00c5\u00a1\u00c4\u008du Mrzla Komna na nadmorski vi\u00c5\u00a1ini 1600m zabele\u00c5\u00beil minimalno temperaturo -49,1\u00c2\u00b0C<\/strong>. Gre za novi neuradni slovenski temperaturni rekord. Isto\u00c4\u008dasno je bilo po podatkih ARSO na meteorolo\u00c5\u00a1ki postaji Vogel na podobni nadmorski vi\u00c5\u00a1ini -10\u00c2\u00b0C ob 23% vla\u00c5\u00benosti zraka. Kot je razvidno iz fotografij, je ve\u00c4\u008d razli\u00c4\u008dnih termometrov potrdilo temperaturne vrednosti pod -40\u00c2\u00b0C, vse pa je bilo odvisno od \u00c4\u008dasa meritev.<\/p>\n<p style=\"margin-bottom: 0cm; text-align: center;\"><a href=\"http:\/\/www.slometeo.net\/zaplana\/blog\/wp-content\/uploads\/2009\/07\/komna1.jpg\" target=\"_blank\" rel=\"lightbox[973]\"><img decoding=\"async\" loading=\"lazy\" class=\"aligncenter size-thumbnail wp-image-1016\" title=\"komna1\" src=\"http:\/\/www.slometeo.net\/zaplana\/blog\/wp-content\/uploads\/2009\/07\/komna1-130x86.jpg\" alt=\"komna1\" width=\"130\" height=\"86\" srcset=\"http:\/\/www.slometeo.net\/zaplana\/blog\/wp-content\/uploads\/2009\/07\/komna1-130x86.jpg 130w, http:\/\/www.slometeo.net\/zaplana\/blog\/wp-content\/uploads\/2009\/07\/komna1.jpg 800w\" sizes=\"(max-width: 130px) 100vw, 130px\" \/><\/a><em>Tudi preko dneva je v mrazi\u00c5\u00a1\u00c4\u008dih na Komni izredno mrzlo, tako zelo, da na \u00c4\u008dloveku raste ivje (foto: Andrej Tro\u00c5\u00a1t).<\/em><\/p>\n<p style=\"margin-bottom: 0cm; text-align: center;\"><a href=\"http:\/\/www.slometeo.net\/zaplana\/blog\/wp-content\/uploads\/2009\/07\/komna3.jpg\" target=\"_blank\" rel=\"lightbox[973]\"><img decoding=\"async\" loading=\"lazy\" class=\"aligncenter size-thumbnail wp-image-1019\" title=\"komna3\" src=\"http:\/\/www.slometeo.net\/zaplana\/blog\/wp-content\/uploads\/2009\/07\/komna3-130x85.jpg\" alt=\"komna3\" width=\"130\" height=\"85\" srcset=\"http:\/\/www.slometeo.net\/zaplana\/blog\/wp-content\/uploads\/2009\/07\/komna3-130x85.jpg 130w, http:\/\/www.slometeo.net\/zaplana\/blog\/wp-content\/uploads\/2009\/07\/komna3.jpg 800w\" sizes=\"(max-width: 130px) 100vw, 130px\" \/><\/a><em>Minimalni alkoholni termometer ka\u00c5\u00bee v \u00c4\u008dasu fotografiranja temperaturo okoli -43\u00c2\u00b0C. Plava\u00c4\u008d, ki ozna\u00c4\u008duje minimalno zabele\u00c5\u00beeno temperaturo, pa se je ustavil pri -49,1\u00c2\u00b0C (foto: Andrej Tro\u00c5\u00a1t).<\/em><\/p>\n<p style=\"margin-bottom: 0cm; text-align: center;\"><a href=\"http:\/\/www.slometeo.net\/zaplana\/blog\/wp-content\/uploads\/2009\/07\/komna2.jpg\" target=\"_blank\" rel=\"lightbox[973]\"><img decoding=\"async\" loading=\"lazy\" class=\"aligncenter size-thumbnail wp-image-1017\" title=\"komna2\" src=\"http:\/\/www.slometeo.net\/zaplana\/blog\/wp-content\/uploads\/2009\/07\/komna2-130x97.jpg\" alt=\"komna2\" width=\"130\" height=\"97\" srcset=\"http:\/\/www.slometeo.net\/zaplana\/blog\/wp-content\/uploads\/2009\/07\/komna2-130x97.jpg 130w, http:\/\/www.slometeo.net\/zaplana\/blog\/wp-content\/uploads\/2009\/07\/komna2.jpg 512w\" sizes=\"(max-width: 130px) 100vw, 130px\" \/><\/a><em>Tudi digitalni termometri so kazali trenutno temperaturo pod -40\u00c2\u00b0C (foto: Matej Blatnik).<\/em><\/p>\n<p style=\"margin-bottom: 0cm; text-align: justify;\">Termometer je bil pribli\u00c5\u00beno 180cm nad sne\u00c5\u00beno odejo oz. pribli\u00c5\u00beno 4m nad tlemi, saj smo bili v decembru primorani merilne naprave dvigniti zaradi debele sne\u00c5\u00bene odeje. Jeseni name\u00c5\u00a1\u00c4\u008deni digitalni registrator temperature\u00c2\u00a0se je ob 1:30 zjutraj pri temperaturi -41\u00c2\u00b0C ustavil in kazal enako temperaturo vse do segretja nad -41\u00c2\u00b0C, saj je ta temperatura meja, do katere naprava \u00c5\u00a1e meri temperature.<\/p>\n<p style=\"margin-bottom: 0cm; text-align: center;\"><a href=\"http:\/\/www.slometeo.net\/zaplana\/blog\/wp-content\/uploads\/2009\/07\/komna4.JPG\" target=\"_blank\" rel=\"lightbox[973]\"><img decoding=\"async\" loading=\"lazy\" class=\"aligncenter size-thumbnail wp-image-1020\" title=\"komna4\" src=\"http:\/\/www.slometeo.net\/zaplana\/blog\/wp-content\/uploads\/2009\/07\/komna4-130x97.jpg\" alt=\"komna4\" width=\"130\" height=\"97\" srcset=\"http:\/\/www.slometeo.net\/zaplana\/blog\/wp-content\/uploads\/2009\/07\/komna4-130x97.jpg 130w, http:\/\/www.slometeo.net\/zaplana\/blog\/wp-content\/uploads\/2009\/07\/komna4.JPG 640w\" sizes=\"(max-width: 130px) 100vw, 130px\" \/><\/a><em>Mrazi\u00c5\u00a1\u00c4\u008de Mrzla Komna (foto: Matja\u00c5\u00be Dove\u00c4\u008dar).<\/em><\/p>\n<p style=\"margin-bottom: 0cm; text-align: justify;\">Po podatkih italijanskih raziskovalcev se je iste no\u00c4\u008di v italijanskem mrazi\u00c5\u00a1\u00c4\u008du Busa di Manna, na nadmorski vi\u00c5\u00a1ini okoli 2500m, temperatura sputila na -43,8\u00c2\u00b0C. \u00c4\u0152lani Slovenskega meteorolo\u00c5\u00a1kega foruma smo objavili tudi uradna poro\u00c4\u008dila o novem slovenskem temperaturnem rekordu -49,1\u00c2\u00b0C.<\/p>\n<p style=\"margin-bottom: 0cm;\"><a href=\"http:\/\/www.meteo-drustvo.si\/data\/upload\/Vetrnica01_razprave_web.pdf\">Sibirsko jutro na Komni &#8211; Vetrnica, glasilo Slovenskega meteorolo\u00c5\u00a1kega dru\u00c5\u00a1tva<\/a><\/p>\n<p style=\"margin-bottom: 0cm;\"><a href=\"http:\/\/www.meteo-drustvo.si\/data\/upload\/Gregor_Vertacnik_9januar09_smd.pdf\" target=\"_blank\">Predavanje v okviru Slovenskega meteorolo\u00c5\u00a1kega dru\u00c5\u00a1tva<\/a><\/p>\n<p style=\"margin-bottom: 0cm;\"><a href=\"http:\/\/www.gore-ljudje.net\/novosti\/41874\/\" target=\"_blank\">Priloga Znanost v \u00c4\u008dasopisu Delo<\/a><\/p>\n<p style=\"margin-bottom: 0cm;\"><a href=\"http:\/\/www.gore-ljudje.net\/novosti\/41860\/\" target=\"_blank\">\u00c4\u0152lanek v Dnevniku<\/a><\/p>\n<p style=\"margin-bottom: 0cm;\">\n","protected":false},"excerpt":{"rendered":"<p>9.januarja zjutraj smo raziskovalci mrazi\u00c5\u00a1\u00c4\u008d v okviru Slovenskega meteorolo\u00c5\u00a1kega foruma v mrazi\u00c5\u00a1\u00c4\u008dih na Komni v Bohinju zabele\u00c5\u00beili do sedaj najni\u00c5\u00bejo izmerjeno temperaturo v Sloveniji. Kontinuirane meritve so se pri\u00c4\u008dele v zimi 2005\/2006, marca 2005 so mar\u00c5\u00a1rutne meritve dale vrednost -41,1\u00c2\u00b0C, januarja 2006 pa je bila izmerjena temperatura -41,7\u00c2\u00b0C. V no\u00c4\u008di na 9.januar 2009 pa je [&hellip;]<\/p>\n","protected":false},"author":1,"featured_media":0,"comment_status":"open","ping_status":"open","sticky":false,"template":"","format":"standard","meta":[],"categories":[11],"tags":[],"_links":{"self":[{"href":"http:\/\/www.slometeo.net\/zaplana\/blog\/index.php?rest_route=\/wp\/v2\/posts\/973"}],"collection":[{"href":"http:\/\/www.slometeo.net\/zaplana\/blog\/index.php?rest_route=\/wp\/v2\/posts"}],"about":[{"href":"http:\/\/www.slometeo.net\/zaplana\/blog\/index.php?rest_route=\/wp\/v2\/types\/post"}],"author":[{"embeddable":true,"href":"http:\/\/www.slometeo.net\/zaplana\/blog\/index.php?rest_route=\/wp\/v2\/users\/1"}],"replies":[{"embeddable":true,"href":"http:\/\/www.slometeo.net\/zaplana\/blog\/index.php?rest_route=%2Fwp%2Fv2%2Fcomments&post=973"}],"version-history":[{"count":15,"href":"http:\/\/www.slometeo.net\/zaplana\/blog\/index.php?rest_route=\/wp\/v2\/posts\/973\/revisions"}],"predecessor-version":[{"id":6414,"href":"http:\/\/www.slometeo.net\/zaplana\/blog\/index.php?rest_route=\/wp\/v2\/posts\/973\/revisions\/6414"}],"wp:attachment":[{"href":"http:\/\/www.slometeo.net\/zaplana\/blog\/index.php?rest_route=%2Fwp%2Fv2%2Fmedia&parent=973"}],"wp:term":[{"taxonomy":"category","embeddable":true,"href":"http:\/\/www.slometeo.net\/zaplana\/blog\/index.php?rest_route=%2Fwp%2Fv2%2Fcategories&post=973"},{"taxonomy":"post_tag","embeddable":true,"href":"http:\/\/www.slometeo.net\/zaplana\/blog\/index.php?rest_route=%2Fwp%2Fv2%2Ftags&post=973"}],"curies":[{"name":"wp","href":"https:\/\/api.w.org\/{rel}","templated":true}]}}