{"id":9294,"date":"2013-07-19T20:00:39","date_gmt":"2013-07-19T18:00:39","guid":{"rendered":"http:\/\/www.slometeo.net\/zaplana\/blog\/?p=9294"},"modified":"2013-07-19T20:00:39","modified_gmt":"2013-07-19T18:00:39","slug":"clanek-o-meteoroloskih-meritvah-na-zaplani-v-reviji-vetrnica","status":"publish","type":"post","link":"http:\/\/www.slometeo.net\/zaplana\/blog\/?p=9294","title":{"rendered":"\u00c4\u0152lanek o meteorolo\u00c5\u00a1kih meritvah na Zaplani v reviji Vetrnica"},"content":{"rendered":"<p style=\"text-align: justify;\">Najnovej\u00c5\u00a1a \u00c5\u00a1tevilka revije Vetrnica je posve\u00c4\u008dena ljubiteljski meteorologiji. Pred \u00c4\u008dasom je bil v tej publikaciji Slovenskega meteorolo\u00c5\u00a1kega dru\u00c5\u00a1tva (SMD) objavljen \u00c4\u008dlanek o splo\u00c5\u00a1nih meritvah in opazovanju vremena na Zaplani, v 5. \u00c5\u00a1tevilki Vetrnice pa je objavljen \u00c5\u00a1e \u00c4\u008dlanek o mrazi\u00c5\u00a1\u00c4\u008dih. Kot \u00c4\u008dlan Dru\u00c5\u00a1tva za raziskovanje vremena in podnebja (DRVP) pa sem sodeloval tudi pri nastajanju \u00c4\u008dlanka o meteorolo\u00c5\u00a1kih meritvah na Javorniku pri \u00c4\u0152rnem Vrhu nad Idrijo.<\/p>\n<p style=\"text-align: justify;\">Vabljeni k branju \u00c5\u00a1e vseh ostalih zanimivih prispevkov s podro\u00c4\u008dja meteorologije, ki si jih lahko ogledate s klikom na spodnjo sliko!<\/p>\n<p style=\"text-align: center;\"><a href=\"http:\/\/www.meteo-drustvo.si\/data\/upload\/Vetrnica0513_Press(1).pdf\" target=\"_blank\"><img decoding=\"async\" loading=\"lazy\" class=\"aligncenter size-full wp-image-9295\" alt=\"vetrnica\" src=\"http:\/\/www.slometeo.net\/zaplana\/blog\/wp-content\/uploads\/2013\/07\/vetrnica.jpg\" width=\"108\" height=\"153\" srcset=\"http:\/\/www.slometeo.net\/zaplana\/blog\/wp-content\/uploads\/2013\/07\/vetrnica.jpg 108w, http:\/\/www.slometeo.net\/zaplana\/blog\/wp-content\/uploads\/2013\/07\/vetrnica-91x130.jpg 91w\" sizes=\"(max-width: 108px) 100vw, 108px\" \/><\/a><\/p>\n","protected":false},"excerpt":{"rendered":"<p>Najnovej\u00c5\u00a1a \u00c5\u00a1tevilka revije Vetrnica je posve\u00c4\u008dena ljubiteljski meteorologiji. Pred \u00c4\u008dasom je bil v tej publikaciji Slovenskega meteorolo\u00c5\u00a1kega dru\u00c5\u00a1tva (SMD) objavljen \u00c4\u008dlanek o splo\u00c5\u00a1nih meritvah in opazovanju vremena na Zaplani, v 5. \u00c5\u00a1tevilki Vetrnice pa je objavljen \u00c5\u00a1e \u00c4\u008dlanek o mrazi\u00c5\u00a1\u00c4\u008dih. Kot \u00c4\u008dlan Dru\u00c5\u00a1tva za raziskovanje vremena in podnebja (DRVP) pa sem sodeloval tudi pri nastajanju [&hellip;]<\/p>\n","protected":false},"author":1,"featured_media":0,"comment_status":"open","ping_status":"open","sticky":false,"template":"","format":"standard","meta":[],"categories":[11],"tags":[],"_links":{"self":[{"href":"http:\/\/www.slometeo.net\/zaplana\/blog\/index.php?rest_route=\/wp\/v2\/posts\/9294"}],"collection":[{"href":"http:\/\/www.slometeo.net\/zaplana\/blog\/index.php?rest_route=\/wp\/v2\/posts"}],"about":[{"href":"http:\/\/www.slometeo.net\/zaplana\/blog\/index.php?rest_route=\/wp\/v2\/types\/post"}],"author":[{"embeddable":true,"href":"http:\/\/www.slometeo.net\/zaplana\/blog\/index.php?rest_route=\/wp\/v2\/users\/1"}],"replies":[{"embeddable":true,"href":"http:\/\/www.slometeo.net\/zaplana\/blog\/index.php?rest_route=%2Fwp%2Fv2%2Fcomments&post=9294"}],"version-history":[{"count":12,"href":"http:\/\/www.slometeo.net\/zaplana\/blog\/index.php?rest_route=\/wp\/v2\/posts\/9294\/revisions"}],"predecessor-version":[{"id":9307,"href":"http:\/\/www.slometeo.net\/zaplana\/blog\/index.php?rest_route=\/wp\/v2\/posts\/9294\/revisions\/9307"}],"wp:attachment":[{"href":"http:\/\/www.slometeo.net\/zaplana\/blog\/index.php?rest_route=%2Fwp%2Fv2%2Fmedia&parent=9294"}],"wp:term":[{"taxonomy":"category","embeddable":true,"href":"http:\/\/www.slometeo.net\/zaplana\/blog\/index.php?rest_route=%2Fwp%2Fv2%2Fcategories&post=9294"},{"taxonomy":"post_tag","embeddable":true,"href":"http:\/\/www.slometeo.net\/zaplana\/blog\/index.php?rest_route=%2Fwp%2Fv2%2Ftags&post=9294"}],"curies":[{"name":"wp","href":"https:\/\/api.w.org\/{rel}","templated":true}]}}