{"id":911,"date":"2009-07-06T17:12:48","date_gmt":"2009-07-06T15:12:48","guid":{"rendered":"http:\/\/www.slometeo.net\/zaplana\/blog\/?p=911"},"modified":"2011-06-21T21:17:31","modified_gmt":"2011-06-21T19:17:31","slug":"vrocinski-val-junija-2008","status":"publish","type":"post","link":"http:\/\/www.slometeo.net\/zaplana\/blog\/?p=911","title":{"rendered":"Vro\u00c4\u008dinski val junija 2008"},"content":{"rendered":"<p><!-- \t\t@page { margin: 2cm } \t\tP { margin-bottom: 0.21cm } --><\/p>\n<p style=\"margin-bottom: 0cm; text-align: justify;\">V resnici ne gre za prvi vro\u00c4\u008dinski val v letu 2008, saj je bilo denimo na Zaplani 22.junija preko dneva 29,4\u00c2\u00b0C, podobno vro\u00c4\u008de pa je bilo \u00c5\u00bee konec maja. V teh vro\u00c4\u008dih dneh pa ponuja Zaplana dolo\u00c4\u008dene lokacije za prijetno, \u00c4\u008de ne celo \u00c5\u00bee pretirano osve\u00c5\u00beitev. \u00c4\u0152e se po vro\u00c4\u008dem dnevu zve\u00c4\u008der na meteorolo\u00c5\u00a1ki postaji Zaplana le po\u00c4\u008dasi ohlaja (seveda bistveno bolj kot v ve\u00c4\u008djih mestih), se lahko v istem \u00c4\u008dasu v \u00c5\u00a1tevilnih okoli\u00c5\u00a1kih mrazi\u00c5\u00a1\u00c4\u008dih prav neverjetno ohladi.<\/p>\n<p style=\"margin-bottom: 0cm; text-align: justify;\">Ko so 22.junija zve\u00c4\u008der temperature na Zaplani v splo\u00c5\u00a1nem \u00c5\u00a1e vztrajale nad 20\u00c2\u00b0C, so bile v nekaterih mrazi\u00c5\u00a1\u00c4\u008dih, konkretno v mrazi\u00c5\u00a1\u00c4\u008du Dvoj\u00c4\u008dek, temperature precej ni\u00c5\u00beje. Ob 21:30 je bila v vi\u00c5\u00a1ini glave temperatura 10,5\u00c2\u00b0C, pri tleh pa malo kasneje 6,5\u00c2\u00b0C. Vse to ob dnevni temperaturi okoli 30\u00c2\u00b0C! \u00c4\u0152e je bila tu trava mokra \u00c5\u00bee zve\u00c4\u008der, pa se na meteorolo\u00c5\u00a1ki postaji zaradi suhega zraka ni navla\u00c5\u00beila niti do jutra.<\/p>\n<blockquote>\n<p style=\"margin-bottom: 0cm;\"><strong>Temperature 22.junija 2008 ob 22:00 uri:<\/strong><\/p>\n<p style=\"margin-bottom: 0cm;\">Bilje pri N.Gorici 22\u00c2\u00b0C<\/p>\n<p style=\"margin-bottom: 0cm;\">Let. J.Pu\u00c4\u008dnika Lj. 22\u00c2\u00b0C<\/p>\n<p style=\"margin-bottom: 0cm;\">Let.Cerklje obKrki 24\u00c2\u00b0C<\/p>\n<p style=\"margin-bottom: 0cm;\">Let. E.Rusjana MB 24\u00c2\u00b0C<\/p>\n<p style=\"margin-bottom: 0cm;\">Letali\u00c5\u00a1\u00c4\u008de Portoro\u00c5\u00be 21<\/p>\n<p style=\"margin-bottom: 0cm;\">Lisca 21\u00c2\u00b0C<\/p>\n<p style=\"margin-bottom: 0cm;\">Ljubljana 25\u00c2\u00b0C<\/p>\n<p style=\"margin-bottom: 0cm;\">Murska Sobota 26\u00c2\u00b0C<\/p>\n<p style=\"margin-bottom: 0cm;\">Novo mesto 24\u00c2\u00b0C<\/p>\n<p style=\"margin-bottom: 0cm;\">Slovenj Gradec 23\u00c2\u00b0C<\/p>\n<p style=\"margin-bottom: 0cm;\">Triglav Kredarica 11\u00c2\u00b0C<\/p>\n<p style=\"margin-bottom: 0cm;\">Zaplana <strong>19,7\u00c2\u00b0C<\/strong><\/p>\n<p style=\"margin-bottom: 0cm;\">Mrazi\u00c5\u00a1\u00c4\u008de Dvoj\u00c4\u008dek <strong>9,5\u00c2\u00b0C<\/strong><\/p>\n<\/blockquote>\n<p style=\"margin-bottom: 0cm;\">Mrazi\u00c5\u00a1\u00c4\u008de Dvoj\u00c4\u008dek in primer temperaturnih razlik v poletju 2007:<\/p>\n<p style=\"margin-bottom: 0cm; text-align: center;\"><a href=\"http:\/\/www.slometeo.net\/zaplana\/blog\/wp-content\/uploads\/2009\/07\/dvojcek2.jpg\" target=\"_blank\" rel=\"lightbox[911]\"><img decoding=\"async\" loading=\"lazy\" class=\"aligncenter size-thumbnail wp-image-738\" title=\"dvojcek2\" src=\"http:\/\/www.slometeo.net\/zaplana\/blog\/wp-content\/uploads\/2009\/07\/dvojcek2-130x56.jpg\" alt=\"dvojcek2\" width=\"130\" height=\"56\" srcset=\"http:\/\/www.slometeo.net\/zaplana\/blog\/wp-content\/uploads\/2009\/07\/dvojcek2-130x56.jpg 130w, http:\/\/www.slometeo.net\/zaplana\/blog\/wp-content\/uploads\/2009\/07\/dvojcek2-800x346.jpg 800w, http:\/\/www.slometeo.net\/zaplana\/blog\/wp-content\/uploads\/2009\/07\/dvojcek2.jpg 1024w\" sizes=\"(max-width: 130px) 100vw, 130px\" \/><\/a><\/p>\n<p style=\"margin-bottom: 0cm; text-align: left;\">Viri podatkov:<\/p>\n<p style=\"margin-bottom: 0cm; text-align: left;\">&#8211; Agencija RS za Okolje (ARSO)<\/p>\n<p style=\"margin-bottom: 0cm; text-align: left;\">\u00c2\u00a0<\/p>\n","protected":false},"excerpt":{"rendered":"<p>V resnici ne gre za prvi vro\u00c4\u008dinski val v letu 2008, saj je bilo denimo na Zaplani 22.junija preko dneva 29,4\u00c2\u00b0C, podobno vro\u00c4\u008de pa je bilo \u00c5\u00bee konec maja. V teh vro\u00c4\u008dih dneh pa ponuja Zaplana dolo\u00c4\u008dene lokacije za prijetno, \u00c4\u008de ne celo \u00c5\u00bee pretirano osve\u00c5\u00beitev. \u00c4\u0152e se po vro\u00c4\u008dem dnevu zve\u00c4\u008der na meteorolo\u00c5\u00a1ki postaji [&hellip;]<\/p>\n","protected":false},"author":1,"featured_media":0,"comment_status":"open","ping_status":"open","sticky":false,"template":"","format":"standard","meta":[],"categories":[15],"tags":[],"_links":{"self":[{"href":"http:\/\/www.slometeo.net\/zaplana\/blog\/index.php?rest_route=\/wp\/v2\/posts\/911"}],"collection":[{"href":"http:\/\/www.slometeo.net\/zaplana\/blog\/index.php?rest_route=\/wp\/v2\/posts"}],"about":[{"href":"http:\/\/www.slometeo.net\/zaplana\/blog\/index.php?rest_route=\/wp\/v2\/types\/post"}],"author":[{"embeddable":true,"href":"http:\/\/www.slometeo.net\/zaplana\/blog\/index.php?rest_route=\/wp\/v2\/users\/1"}],"replies":[{"embeddable":true,"href":"http:\/\/www.slometeo.net\/zaplana\/blog\/index.php?rest_route=%2Fwp%2Fv2%2Fcomments&post=911"}],"version-history":[{"count":9,"href":"http:\/\/www.slometeo.net\/zaplana\/blog\/index.php?rest_route=\/wp\/v2\/posts\/911\/revisions"}],"predecessor-version":[{"id":5747,"href":"http:\/\/www.slometeo.net\/zaplana\/blog\/index.php?rest_route=\/wp\/v2\/posts\/911\/revisions\/5747"}],"wp:attachment":[{"href":"http:\/\/www.slometeo.net\/zaplana\/blog\/index.php?rest_route=%2Fwp%2Fv2%2Fmedia&parent=911"}],"wp:term":[{"taxonomy":"category","embeddable":true,"href":"http:\/\/www.slometeo.net\/zaplana\/blog\/index.php?rest_route=%2Fwp%2Fv2%2Fcategories&post=911"},{"taxonomy":"post_tag","embeddable":true,"href":"http:\/\/www.slometeo.net\/zaplana\/blog\/index.php?rest_route=%2Fwp%2Fv2%2Ftags&post=911"}],"curies":[{"name":"wp","href":"https:\/\/api.w.org\/{rel}","templated":true}]}}