{"id":5327,"date":"2011-02-13T19:33:24","date_gmt":"2011-02-13T18:33:24","guid":{"rendered":"http:\/\/www.slometeo.net\/zaplana\/blog\/?p=5327"},"modified":"2011-02-17T15:02:44","modified_gmt":"2011-02-17T14:02:44","slug":"zled-13-februarja-2011","status":"publish","type":"post","link":"http:\/\/www.slometeo.net\/zaplana\/blog\/?p=5327","title":{"rendered":"\u00c5\u00bdled 13. februarja 2011"},"content":{"rendered":"<p style=\"text-align: justify;\">\u00c4\u0152ez dan je temperatura na\u00c2\u00a0Spodnji Zaplani vztrajala pod ledi\u00c5\u00a1\u00c4\u008dem, izmenjevala pa so se obdobja rosenja, rahlega de\u00c5\u00beja in zmrznjenega de\u00c5\u00beja. \u00c5\u00bdledu ni bilo lahko opaziti, saj je bilo padavin malo, prav tako je \u00c5\u00beled nastajal le na izpostavljenih legah. Prvi znak \u00c5\u00beleda so bile &#8220;podalj\u00c5\u00a1ane&#8221; vodne kapljice na drevju v obliki ledenih sve\u00c4\u008d, kasneje pa je bila nekaj mm debela ledena plast opazna na\u00c2\u00a0ve\u00c4\u008dini izpostavljenih predmetov. Zaradi dalj\u00c5\u00a1ega toplej\u00c5\u00a1ega obdobja so bila tla pretopla, da bi nastajala poledica. Tudi na\u00c2\u00a0masivnej\u00c5\u00a1ih predmetih z ve\u00c4\u008djo toplotno kapaciteto \u00c5\u00beled ni nastajal in tako termometrski zaklon v mrazi\u00c5\u00a1\u00c4\u008du Dolinca ni bil vkovan v led, prav tako je kot obi\u00c4\u008dajno deloval merilec de\u00c5\u00beja na meteorolo\u00c5\u00a1ki postaji\u00c2\u00a0Zaplana.<\/p>\n<p style=\"text-align: center;\"><a href=\"http:\/\/www.slometeo.net\/zaplana\/blog\/wp-content\/uploads\/2011\/02\/zled13.jpg\" target=\"_blank\" rel=\"lightbox[5327]\"><img decoding=\"async\" loading=\"lazy\" class=\"size-thumbnail wp-image-5323  aligncenter\" title=\"zled13\" src=\"http:\/\/www.slometeo.net\/zaplana\/blog\/wp-content\/uploads\/2011\/02\/zled13-130x97.jpg\" alt=\"\" width=\"130\" height=\"97\" srcset=\"http:\/\/www.slometeo.net\/zaplana\/blog\/wp-content\/uploads\/2011\/02\/zled13-130x97.jpg 130w, http:\/\/www.slometeo.net\/zaplana\/blog\/wp-content\/uploads\/2011\/02\/zled13.jpg 640w\" sizes=\"(max-width: 130px) 100vw, 130px\" \/><\/a><em>Zmrzovanje kapljajo\u00c4\u008de de\u00c5\u00beevnice.<\/em><\/p>\n<p style=\"text-align: justify;\">\u00c5\u00bdled je bil lokalnega zna\u00c4\u008daja, saj je bila na okoli\u00c5\u00a1kih meteorolo\u00c5\u00a1kih postajah, denimo na Vrhniki, Petkovcu in v Logatcu temperatura pozitivna. Na Spodnji Zaplani se je temperatura gibala med -0,3 in 0,0 \u00c2\u00b0C, pihal pa\u00c2\u00a0je rahel vzhodni veter, ki je povzro\u00c4\u008dal pobo\u00c4\u008dno meglo. Na podlagi radiosonda\u00c5\u00bee iz meteorolo\u00c5\u00a1ke\u00c2\u00a0postaje Ljubljana-Be\u00c5\u00beigrad\u00c2\u00a0so bile v jutranjem \u00c4\u008dasu negativne temperature v pasu med 600 in 1000 m nadmorske vi\u00c5\u00a1ine, vi\u00c5\u00a1je pa se je z zahoda\u00c2\u00a0raz\u00c5\u00a1iril okoli 400 m debel klin toplej\u00c5\u00a1ega zraka. De\u00c5\u00be je\u00c2\u00a0 na Zaplani pre\u00c5\u00a1el v sneg v ve\u00c4\u008dernem \u00c4\u008dasu. V sredo 16. februarja se je na Zaplani pojavil \u00c5\u00a1e debelej\u00c5\u00a1i \u00c5\u00beled, v obeh primerih pa se \u00c5\u00beled v Logatcu ni pojavil.<\/p>\n<p style=\"text-align: center;\"><a href=\"http:\/\/www.slometeo.net\/zaplana\/blog\/wp-content\/uploads\/2011\/02\/zled141.jpg\" target=\"_blank\" rel=\"lightbox[5327]\"><img decoding=\"async\" loading=\"lazy\" class=\"aligncenter size-thumbnail wp-image-5328\" title=\"zled14\" src=\"http:\/\/www.slometeo.net\/zaplana\/blog\/wp-content\/uploads\/2011\/02\/zled141-130x97.jpg\" alt=\"\" width=\"130\" height=\"97\" srcset=\"http:\/\/www.slometeo.net\/zaplana\/blog\/wp-content\/uploads\/2011\/02\/zled141-130x97.jpg 130w, http:\/\/www.slometeo.net\/zaplana\/blog\/wp-content\/uploads\/2011\/02\/zled141.jpg 640w\" sizes=\"(max-width: 130px) 100vw, 130px\" \/><\/a><em>\u00c5\u00bdled na drevesni vejici.<\/em><\/p>\n<p>Viri podatkov:<\/p>\n<p>&#8211; podatki z zasebnih meteorolo\u00c5\u00a1kih postaj<\/p>\n<p>&#8211; vremenski portal ARSO-meteo.si<\/p>\n","protected":false},"excerpt":{"rendered":"<p>\u00c4\u0152ez dan je temperatura na\u00c2\u00a0Spodnji Zaplani vztrajala pod ledi\u00c5\u00a1\u00c4\u008dem, izmenjevala pa so se obdobja rosenja, rahlega de\u00c5\u00beja in zmrznjenega de\u00c5\u00beja. \u00c5\u00bdledu ni bilo lahko opaziti, saj je bilo padavin malo, prav tako je \u00c5\u00beled nastajal le na izpostavljenih legah. Prvi znak \u00c5\u00beleda so bile &#8220;podalj\u00c5\u00a1ane&#8221; vodne kapljice na drevju v obliki ledenih sve\u00c4\u008d, kasneje pa [&hellip;]<\/p>\n","protected":false},"author":1,"featured_media":0,"comment_status":"open","ping_status":"open","sticky":false,"template":"","format":"standard","meta":[],"categories":[15],"tags":[],"_links":{"self":[{"href":"http:\/\/www.slometeo.net\/zaplana\/blog\/index.php?rest_route=\/wp\/v2\/posts\/5327"}],"collection":[{"href":"http:\/\/www.slometeo.net\/zaplana\/blog\/index.php?rest_route=\/wp\/v2\/posts"}],"about":[{"href":"http:\/\/www.slometeo.net\/zaplana\/blog\/index.php?rest_route=\/wp\/v2\/types\/post"}],"author":[{"embeddable":true,"href":"http:\/\/www.slometeo.net\/zaplana\/blog\/index.php?rest_route=\/wp\/v2\/users\/1"}],"replies":[{"embeddable":true,"href":"http:\/\/www.slometeo.net\/zaplana\/blog\/index.php?rest_route=%2Fwp%2Fv2%2Fcomments&post=5327"}],"version-history":[{"count":9,"href":"http:\/\/www.slometeo.net\/zaplana\/blog\/index.php?rest_route=\/wp\/v2\/posts\/5327\/revisions"}],"predecessor-version":[{"id":5331,"href":"http:\/\/www.slometeo.net\/zaplana\/blog\/index.php?rest_route=\/wp\/v2\/posts\/5327\/revisions\/5331"}],"wp:attachment":[{"href":"http:\/\/www.slometeo.net\/zaplana\/blog\/index.php?rest_route=%2Fwp%2Fv2%2Fmedia&parent=5327"}],"wp:term":[{"taxonomy":"category","embeddable":true,"href":"http:\/\/www.slometeo.net\/zaplana\/blog\/index.php?rest_route=%2Fwp%2Fv2%2Fcategories&post=5327"},{"taxonomy":"post_tag","embeddable":true,"href":"http:\/\/www.slometeo.net\/zaplana\/blog\/index.php?rest_route=%2Fwp%2Fv2%2Ftags&post=5327"}],"curies":[{"name":"wp","href":"https:\/\/api.w.org\/{rel}","templated":true}]}}