{"id":4582,"date":"2010-09-04T09:06:31","date_gmt":"2010-09-04T07:06:31","guid":{"rendered":"http:\/\/www.slometeo.net\/zaplana\/blog\/?p=4582"},"modified":"2011-07-09T22:19:23","modified_gmt":"2011-07-09T20:19:23","slug":"podatki-iz-mrazisc-3-septembra-2010","status":"publish","type":"post","link":"http:\/\/www.slometeo.net\/zaplana\/blog\/?p=4582","title":{"rendered":"Podatki iz mrazi\u00c5\u00a1\u00c4\u008d 3.septembra 2010"},"content":{"rendered":"<p style=\"text-align: justify;\">V zadnjem merilnem nizu, ki obsega \u00c4\u008das od 21. julija\u00c2\u00a0do 3. septembra, je bila v mrazi\u00c5\u00a1\u00c4\u008du Dolinca najni\u00c5\u00beja temperatura -1,0\u00c2\u00b0C izmerjena 2. septembra.\u00c2\u00a0Tega dne\u00c2\u00a0se je na meteorolo\u00c5\u00a1ki postaji Zaplana,\u00c2\u00a021 m nad mrazi\u00c5\u00a1\u00c4\u008dem, ohladilo do 4,4 \u00c2\u00b0C. V\u00c2\u00a0mrazi\u00c5\u00a1\u00c4\u008du se je ob\u00c4\u008dutneje ohladilo \u00c5\u00a1e 31. avgusta (-0,2\u00c2\u00b0C),\u00c2\u00a03. septembra (1,4 \u00c2\u00b0C) in\u00c2\u00a026. julija (1,8 \u00c2\u00b0C).\u00c2\u00a0Minulo meteorolo\u00c5\u00a1ko\u00c2\u00a0poletje je dober pokazatelj kompleksnosti\u00c2\u00a0temperaturnih razmer v mrazi\u00c5\u00a1\u00c4\u008dih. V mrazi\u00c5\u00a1\u00c4\u008du Dolinca je bila skoraj vsako poletje zabele\u00c5\u00beena kak\u00c5\u00a1na no\u00c4\u008d z minimalno temperaturo pod ledi\u00c5\u00a1\u00c4\u008dem. \u00c4\u0152eprav sta bili v\u00c2\u00a0poletju 2010 na zgornji meteorolo\u00c5\u00a1ki postaji Zaplana\u00c2\u00a0zabele\u00c5\u00beeni dve ekstremno nizki poletni\u00c2\u00a0temperaturi (druga in tretja najni\u00c5\u00beja doslej izmerjena poletna temperatura), pa je\u00c2\u00a0v mrazi\u00c5\u00a1\u00c4\u008du vsaj\u00c2\u00a0na 2 m vi\u00c5\u00a1ine\u00c2\u00a0temperatura le enkrat komajda padla pod ledi\u00c5\u00a1\u00c4\u008de. Vzrok\u00c2\u00a0sta bili\u00c2\u00a0megla in visoka vla\u00c5\u00benost zraka, ki\u00c2\u00a0sta vsaj v\u00c2\u00a0no\u00c4\u008deh, ki so bile potencialno ugodne za nizke temperature,\u00c2\u00a0zavirali ohlajanje v mrazi\u00c5\u00a1\u00c4\u008du. Tako je bila temperatura v mrazi\u00c5\u00a1\u00c4\u008du\u00c2\u00a031. avgusta ob 22.00 uri\u00c2\u00a0zve\u00c4\u008der \u00c5\u00bee 0,5 \u00c2\u00b0C, malo po polno\u00c4\u008di je padla na -0,2 \u00c2\u00b0C, nato pa se je zaradi\u00c2\u00a0megle in prehodne obla\u00c4\u008dnosti\u00c2\u00a0hitro dvignila na temperaturo okolice.\u00c2\u00a0Najvi\u00c5\u00a1ja temperatura 31,4 \u00c2\u00b0C je bila izmerjena 23. julija ob jugozahodnem vetru. Istega dne je bilo na meteorolo\u00c5\u00a1ki postaji nad mrazi\u00c5\u00a1\u00c4\u008dem\u00c2\u00a032,9 \u00c2\u00b0C. Zgornja meteorolo\u00c5\u00a1ka postaja je zaradi drevja\u00c2\u00a0postavljena v zati\u00c5\u00a1ju jugozahodnega vetra in kjer se ozra\u00c4\u008dje lokalno\u00c2\u00a0nekoliko bolj segreje, kot v bli\u00c5\u00benjem, zgolj\u00c2\u00a0s travo poraslem in zato bolj prevetrenem\u00c2\u00a0mrazi\u00c5\u00a1\u00c4\u008du. K temperaturni razliki prav gotovo nekaj prispeva tudi obi\u00c4\u008dajna oz. sistemati\u00c4\u008dna\u00c2\u00a0merilna napaka termometrov.<\/p>\n<p style=\"text-align: center;\"><a href=\"http:\/\/www.slometeo.net\/zaplana\/blog\/wp-content\/uploads\/2010\/09\/dvojcek3.jpg\" target=\"_blank\" rel=\"lightbox[4582]\"><img decoding=\"async\" loading=\"lazy\" class=\"aligncenter size-thumbnail wp-image-4593\" title=\"dvojcek3\" src=\"http:\/\/www.slometeo.net\/zaplana\/blog\/wp-content\/uploads\/2010\/09\/dvojcek3-130x97.jpg\" alt=\"\" width=\"130\" height=\"97\" srcset=\"http:\/\/www.slometeo.net\/zaplana\/blog\/wp-content\/uploads\/2010\/09\/dvojcek3-130x97.jpg 130w, http:\/\/www.slometeo.net\/zaplana\/blog\/wp-content\/uploads\/2010\/09\/dvojcek3.jpg 640w\" sizes=\"(max-width: 130px) 100vw, 130px\" \/><\/a><em>Megla v mrazi\u00c5\u00a1\u00c4\u008du Dvoj\u00c4\u008dek 26. avgusta zve\u00c4\u008der.<\/em><\/p>\n","protected":false},"excerpt":{"rendered":"<p>V zadnjem merilnem nizu, ki obsega \u00c4\u008das od 21. julija\u00c2\u00a0do 3. septembra, je bila v mrazi\u00c5\u00a1\u00c4\u008du Dolinca najni\u00c5\u00beja temperatura -1,0\u00c2\u00b0C izmerjena 2. septembra.\u00c2\u00a0Tega dne\u00c2\u00a0se je na meteorolo\u00c5\u00a1ki postaji Zaplana,\u00c2\u00a021 m nad mrazi\u00c5\u00a1\u00c4\u008dem, ohladilo do 4,4 \u00c2\u00b0C. V\u00c2\u00a0mrazi\u00c5\u00a1\u00c4\u008du se je ob\u00c4\u008dutneje ohladilo \u00c5\u00a1e 31. avgusta (-0,2\u00c2\u00b0C),\u00c2\u00a03. septembra (1,4 \u00c2\u00b0C) in\u00c2\u00a026. julija (1,8 \u00c2\u00b0C).\u00c2\u00a0Minulo meteorolo\u00c5\u00a1ko\u00c2\u00a0poletje je dober [&hellip;]<\/p>\n","protected":false},"author":1,"featured_media":0,"comment_status":"open","ping_status":"open","sticky":false,"template":"","format":"standard","meta":[],"categories":[15],"tags":[],"_links":{"self":[{"href":"http:\/\/www.slometeo.net\/zaplana\/blog\/index.php?rest_route=\/wp\/v2\/posts\/4582"}],"collection":[{"href":"http:\/\/www.slometeo.net\/zaplana\/blog\/index.php?rest_route=\/wp\/v2\/posts"}],"about":[{"href":"http:\/\/www.slometeo.net\/zaplana\/blog\/index.php?rest_route=\/wp\/v2\/types\/post"}],"author":[{"embeddable":true,"href":"http:\/\/www.slometeo.net\/zaplana\/blog\/index.php?rest_route=\/wp\/v2\/users\/1"}],"replies":[{"embeddable":true,"href":"http:\/\/www.slometeo.net\/zaplana\/blog\/index.php?rest_route=%2Fwp%2Fv2%2Fcomments&post=4582"}],"version-history":[{"count":17,"href":"http:\/\/www.slometeo.net\/zaplana\/blog\/index.php?rest_route=\/wp\/v2\/posts\/4582\/revisions"}],"predecessor-version":[{"id":4597,"href":"http:\/\/www.slometeo.net\/zaplana\/blog\/index.php?rest_route=\/wp\/v2\/posts\/4582\/revisions\/4597"}],"wp:attachment":[{"href":"http:\/\/www.slometeo.net\/zaplana\/blog\/index.php?rest_route=%2Fwp%2Fv2%2Fmedia&parent=4582"}],"wp:term":[{"taxonomy":"category","embeddable":true,"href":"http:\/\/www.slometeo.net\/zaplana\/blog\/index.php?rest_route=%2Fwp%2Fv2%2Fcategories&post=4582"},{"taxonomy":"post_tag","embeddable":true,"href":"http:\/\/www.slometeo.net\/zaplana\/blog\/index.php?rest_route=%2Fwp%2Fv2%2Ftags&post=4582"}],"curies":[{"name":"wp","href":"https:\/\/api.w.org\/{rel}","templated":true}]}}