{"id":3927,"date":"2010-05-10T15:47:44","date_gmt":"2010-05-10T13:47:44","guid":{"rendered":"http:\/\/www.slometeo.net\/zaplana\/blog\/?p=3927"},"modified":"2010-05-10T15:47:44","modified_gmt":"2010-05-10T13:47:44","slug":"razvoj-vegetacije-spomladi-2010","status":"publish","type":"post","link":"http:\/\/www.slometeo.net\/zaplana\/blog\/?p=3927","title":{"rendered":"Razvoj vegetacije spomladi 2010"},"content":{"rendered":"<p style=\"text-align: justify;\">Odziv rastlin na spremembe okolja lahko prou\u00c4\u008dujemo na podlagi njihovih razvojnih stopenj oz. fenolo\u00c5\u00a1kih faz. Skozi letne \u00c4\u008dase se pri rastlinah zvrstijo dolo\u00c4\u008dene razvojne stopnje, kot so olistanje,\u00c2\u00a0cvetenje, odpadanje listja in \u00c5\u00a1e \u00c5\u00a1tevilne\u00c2\u00a0druge.\u00c2\u00a0Fenolo\u00c5\u00a1ke faze so odvisne predvsem od vremena, zato se fenolo\u00c5\u00a1ka opazovanja pogosto\u00c2\u00a0izvajajo v okviru meteorolo\u00c5\u00a1kih slu\u00c5\u00beb na agrometeorolo\u00c5\u00a1kih in\u00c2\u00a0fenolo\u00c5\u00a1kih postajah. V okolici Zaplane sta fenolo\u00c5\u00a1ki postaji v Rovtah in na Vrhniki. \u00c4\u0152eprav je leto\u00c5\u00a1nja pomlad hladnej\u00c5\u00a1a od lanske, pa na Zaplani pri ve\u00c4\u008dini rastlin v fenofazah\u00c2\u00a0ni bilo ve\u00c4\u008djih razlik v primerjavi z minulimi leti.<\/p>\n<p style=\"text-align: justify;\">\u00c4\u0152rni teloh je spomladanska rastlina, ki najpogosteje zacveti v marcu.\u00c2\u00a0Ni znanilec pomladi, saj se lahko pojavlja tudi v decembru, \u00c4\u008de le ni mraza\u00c2\u00a0ali sne\u00c5\u00bene odeje. 28.marca so bili na Zaplani le \u00c5\u00a1e posamezni primerki \u00c4\u008drnega\u00c2\u00a0teloha.<\/p>\n<p style=\"text-align: center;\"><a href=\"http:\/\/www.slometeo.net\/zaplana\/blog\/wp-content\/uploads\/2010\/05\/teloh2.jpg\" target=\"_blank\" rel=\"lightbox[3927]\"><img decoding=\"async\" loading=\"lazy\" class=\"aligncenter size-thumbnail wp-image-4009\" title=\"teloh2\" src=\"http:\/\/www.slometeo.net\/zaplana\/blog\/wp-content\/uploads\/2010\/05\/teloh2-130x97.jpg\" alt=\"\" width=\"130\" height=\"97\" srcset=\"http:\/\/www.slometeo.net\/zaplana\/blog\/wp-content\/uploads\/2010\/05\/teloh2-130x97.jpg 130w, http:\/\/www.slometeo.net\/zaplana\/blog\/wp-content\/uploads\/2010\/05\/teloh2.jpg 640w\" sizes=\"(max-width: 130px) 100vw, 130px\" \/><\/a><\/p>\n<p>V podobnem \u00c4\u008dasu cvetijo tudi\u00c2\u00a0pomladanski \u00c5\u00beafrani.<\/p>\n<p style=\"text-align: center;\"><a href=\"http:\/\/www.slometeo.net\/zaplana\/blog\/wp-content\/uploads\/2010\/05\/zafran2.jpg\" target=\"_blank\" rel=\"lightbox[3927]\"><img decoding=\"async\" loading=\"lazy\" class=\"aligncenter size-thumbnail wp-image-4010\" title=\"zafran2\" src=\"http:\/\/www.slometeo.net\/zaplana\/blog\/wp-content\/uploads\/2010\/05\/zafran2-130x97.jpg\" alt=\"\" width=\"130\" height=\"97\" srcset=\"http:\/\/www.slometeo.net\/zaplana\/blog\/wp-content\/uploads\/2010\/05\/zafran2-130x97.jpg 130w, http:\/\/www.slometeo.net\/zaplana\/blog\/wp-content\/uploads\/2010\/05\/zafran2.jpg 640w\" sizes=\"(max-width: 130px) 100vw, 130px\" \/><\/a><\/p>\n<p style=\"text-align: justify;\">Trobentice je v ekstremno toplih zimah mogo\u00c4\u008de najti \u00c5\u00bee v decembru, kar se je v zadnjih nekaj letih\u00c2\u00a0zgodilo v decembrih 2006 in 2009. Trobentice na Zaplani v najve\u00c4\u008djem \u00c5\u00a1tevilu cvetijo aprila.<\/p>\n<p style=\"text-align: center;\"><a href=\"http:\/\/www.slometeo.net\/zaplana\/blog\/wp-content\/uploads\/2010\/05\/trobentice3.jpg\" target=\"_blank\" rel=\"lightbox[3927]\"><img decoding=\"async\" loading=\"lazy\" class=\"aligncenter size-thumbnail wp-image-4011\" title=\"trobentice3\" src=\"http:\/\/www.slometeo.net\/zaplana\/blog\/wp-content\/uploads\/2010\/05\/trobentice3-130x97.jpg\" alt=\"\" width=\"130\" height=\"97\" srcset=\"http:\/\/www.slometeo.net\/zaplana\/blog\/wp-content\/uploads\/2010\/05\/trobentice3-130x97.jpg 130w, http:\/\/www.slometeo.net\/zaplana\/blog\/wp-content\/uploads\/2010\/05\/trobentice3.jpg 640w\" sizes=\"(max-width: 130px) 100vw, 130px\" \/><\/a><\/p>\n<p>V aprilu se prika\u00c5\u00beejo tudi\u00c2\u00a0podlesne vetrnice.<\/p>\n<p style=\"text-align: center;\"><a href=\"http:\/\/www.slometeo.net\/zaplana\/blog\/wp-content\/uploads\/2010\/05\/vetrnica.jpg\" target=\"_blank\" rel=\"lightbox[3927]\"><img decoding=\"async\" loading=\"lazy\" class=\"aligncenter size-thumbnail wp-image-4012\" title=\"vetrnica\" src=\"http:\/\/www.slometeo.net\/zaplana\/blog\/wp-content\/uploads\/2010\/05\/vetrnica-130x97.jpg\" alt=\"\" width=\"130\" height=\"97\" srcset=\"http:\/\/www.slometeo.net\/zaplana\/blog\/wp-content\/uploads\/2010\/05\/vetrnica-130x97.jpg 130w, http:\/\/www.slometeo.net\/zaplana\/blog\/wp-content\/uploads\/2010\/05\/vetrnica.jpg 640w\" sizes=\"(max-width: 130px) 100vw, 130px\" \/><\/a><\/p>\n<p>Bukev na Zaplani v zadnjih, toplej\u00c5\u00a1ih letih, olista okoli 29.aprila in leto\u00c5\u00a1nja\u00c2\u00a0pomlad glede tega ni bila nikakr\u00c5\u00a1na\u00c2\u00a0izjema.<\/p>\n<p style=\"text-align: center;\"><a href=\"http:\/\/www.slometeo.net\/zaplana\/blog\/wp-content\/uploads\/2010\/05\/bukev3.jpg\" target=\"_blank\" rel=\"lightbox[3927]\"><img decoding=\"async\" loading=\"lazy\" class=\"aligncenter size-thumbnail wp-image-4013\" title=\"bukev3\" src=\"http:\/\/www.slometeo.net\/zaplana\/blog\/wp-content\/uploads\/2010\/05\/bukev3-130x97.jpg\" alt=\"\" width=\"130\" height=\"97\" srcset=\"http:\/\/www.slometeo.net\/zaplana\/blog\/wp-content\/uploads\/2010\/05\/bukev3-130x97.jpg 130w, http:\/\/www.slometeo.net\/zaplana\/blog\/wp-content\/uploads\/2010\/05\/bukev3.jpg 640w\" sizes=\"(max-width: 130px) 100vw, 130px\" \/><\/a><\/p>\n<p style=\"text-align: justify;\">Pri\u00c2\u00a0bukvah je zna\u00c4\u008dilno, da se lahko pri dveh osebkih, \u00c4\u008deprav\u00c2\u00a0uspevata \u00c4\u008disto skupaj,\u00c2\u00a0fenolo\u00c5\u00a1ke faze razlikujejo za nekaj dni.<\/p>\n<p style=\"text-align: center;\"><a href=\"http:\/\/www.slometeo.net\/zaplana\/blog\/wp-content\/uploads\/2010\/05\/bukev2.jpg\" target=\"_blank\" rel=\"lightbox[3927]\"><img decoding=\"async\" loading=\"lazy\" class=\"aligncenter size-thumbnail wp-image-4014\" title=\"bukev2\" src=\"http:\/\/www.slometeo.net\/zaplana\/blog\/wp-content\/uploads\/2010\/05\/bukev2-130x97.jpg\" alt=\"\" width=\"130\" height=\"97\" srcset=\"http:\/\/www.slometeo.net\/zaplana\/blog\/wp-content\/uploads\/2010\/05\/bukev2-130x97.jpg 130w, http:\/\/www.slometeo.net\/zaplana\/blog\/wp-content\/uploads\/2010\/05\/bukev2.jpg 640w\" sizes=\"(max-width: 130px) 100vw, 130px\" \/><\/a><\/p>\n<p style=\"text-align: justify;\">28.aprila\u00c2\u00a0so bile bukve na Zaplani nad 600m nadmorske\u00c2\u00a0vi\u00c5\u00a1ine\u00c2\u00a0bolj olistane, kot v ni\u00c5\u00bejih legah, kjer se je\u00c2\u00a0zaradi temperaturne inverzije\u00c2\u00a0\u00c5\u00a1e sredi meseca aprila\u00c2\u00a0pojavljala zmrzal.<\/p>\n<p style=\"text-align: center;\">\u00c2\u00a0<a href=\"http:\/\/www.slometeo.net\/zaplana\/blog\/wp-content\/uploads\/2010\/05\/bukev4.jpg\" target=\"_blank\" rel=\"lightbox[3927]\"><img decoding=\"async\" loading=\"lazy\" class=\"aligncenter size-thumbnail wp-image-4015\" title=\"bukev4\" src=\"http:\/\/www.slometeo.net\/zaplana\/blog\/wp-content\/uploads\/2010\/05\/bukev4-130x97.jpg\" alt=\"\" width=\"130\" height=\"97\" srcset=\"http:\/\/www.slometeo.net\/zaplana\/blog\/wp-content\/uploads\/2010\/05\/bukev4-130x97.jpg 130w, http:\/\/www.slometeo.net\/zaplana\/blog\/wp-content\/uploads\/2010\/05\/bukev4.jpg 640w\" sizes=\"(max-width: 130px) 100vw, 130px\" \/><\/a><\/p>\n<p style=\"text-align: justify;\">Pogled z vi\u00c5\u00a1ine 650m na Loga\u00c5\u00a1ko polje; na\u00c2\u00a0omenjeni vi\u00c5\u00a1ini so bile v zadnjih tednih temperature v posameznih jutrih neprimerno vi\u00c5\u00a1je, kot na Spodnji Zaplani in \u00c5\u00a1e posebno na Loga\u00c5\u00a1kem polju.\u00c2\u00a0Kljub temu pa razlika v \u00c4\u008dasu olistanja bukve\u00c2\u00a0med omenjenimi lokacijami\u00c2\u00a0letos ni bila tako o\u00c4\u008ditna, kot spomladi 2009.<\/p>\n<p style=\"text-align: center;\"><a href=\"http:\/\/www.slometeo.net\/zaplana\/blog\/wp-content\/uploads\/2010\/05\/logatec2.jpg\" target=\"_blank\" rel=\"lightbox[3927]\"><img decoding=\"async\" loading=\"lazy\" class=\"aligncenter size-thumbnail wp-image-4016\" title=\"logatec2\" src=\"http:\/\/www.slometeo.net\/zaplana\/blog\/wp-content\/uploads\/2010\/05\/logatec2-130x97.jpg\" alt=\"\" width=\"130\" height=\"97\" srcset=\"http:\/\/www.slometeo.net\/zaplana\/blog\/wp-content\/uploads\/2010\/05\/logatec2-130x97.jpg 130w, http:\/\/www.slometeo.net\/zaplana\/blog\/wp-content\/uploads\/2010\/05\/logatec2.jpg 640w\" sizes=\"(max-width: 130px) 100vw, 130px\" \/><\/a><\/p>\n<p style=\"text-align: justify;\">Ob koncu aprila lahko\u00c2\u00a0v pravih preprogah\u00c2\u00a0zacveti spomladanska torilnica, ki je pogosto zamenjana\u00c2\u00a0s spomin\u00c4\u008dicami. Na Zaplani obstaja ve\u00c4\u008d razli\u00c4\u008dnih gozdnih zdru\u00c5\u00beb (v odvisnosti od talnih in klimatskih razmer se na dolo\u00c4\u008denih obmo\u00c4\u008djih izoblikujejo neke tipi\u00c4\u008dne skupine rastlin), na obmo\u00c4\u008dju meteorolo\u00c5\u00a1ke postaje pa je zna\u00c4\u008dilna ravno gozdna zdru\u00c5\u00beba bukve in spomladanske torilnice.<\/p>\n<p style=\"text-align: center;\"><a href=\"http:\/\/www.slometeo.net\/zaplana\/blog\/wp-content\/uploads\/2010\/05\/torilnica.jpg\" target=\"_blank\" rel=\"lightbox[3927]\"><img decoding=\"async\" loading=\"lazy\" class=\"aligncenter size-thumbnail wp-image-4017\" title=\"torilnica\" src=\"http:\/\/www.slometeo.net\/zaplana\/blog\/wp-content\/uploads\/2010\/05\/torilnica-130x97.jpg\" alt=\"\" width=\"130\" height=\"97\" srcset=\"http:\/\/www.slometeo.net\/zaplana\/blog\/wp-content\/uploads\/2010\/05\/torilnica-130x97.jpg 130w, http:\/\/www.slometeo.net\/zaplana\/blog\/wp-content\/uploads\/2010\/05\/torilnica.jpg 640w\" sizes=\"(max-width: 130px) 100vw, 130px\" \/><\/a><\/p>\n<p style=\"text-align: justify;\">Mokrotnej\u00c5\u00a1e lege na Zaplani v aprilu povsem prekrije \u00c4\u008dema\u00c5\u00be, divji \u00c4\u008desen, ki bi ga morali glede na njegove u\u00c4\u008dinke bolj ceniti od obi\u00c4\u008dajnega, v zadnjem \u00c4\u008dasu\u00c2\u00a0kitajskega \u00c4\u008desna.<\/p>\n<p style=\"text-align: center;\"><a href=\"http:\/\/www.slometeo.net\/zaplana\/blog\/wp-content\/uploads\/2010\/05\/cemaz.jpg\" target=\"_blank\" rel=\"lightbox[3927]\"><img decoding=\"async\" loading=\"lazy\" class=\"aligncenter size-thumbnail wp-image-4018\" title=\"cemaz\" src=\"http:\/\/www.slometeo.net\/zaplana\/blog\/wp-content\/uploads\/2010\/05\/cemaz-130x97.jpg\" alt=\"\" width=\"130\" height=\"97\" srcset=\"http:\/\/www.slometeo.net\/zaplana\/blog\/wp-content\/uploads\/2010\/05\/cemaz-130x97.jpg 130w, http:\/\/www.slometeo.net\/zaplana\/blog\/wp-content\/uploads\/2010\/05\/cemaz.jpg 640w\" sizes=\"(max-width: 130px) 100vw, 130px\" \/><\/a><\/p>\n<p style=\"text-align: justify;\">Regrat je tipi\u00c4\u008dna rastlina, katere razvoj se opazuje v okviru fenologije. Na Zaplani po travnikih mno\u00c5\u00bei\u00c4\u008dno\u00c2\u00a0zacveti v prvih dneh maja.<\/p>\n<p style=\"text-align: center;\"><a href=\"http:\/\/www.slometeo.net\/zaplana\/blog\/wp-content\/uploads\/2010\/05\/regrat.jpg\" target=\"_blank\" rel=\"lightbox[3927]\"><img decoding=\"async\" loading=\"lazy\" class=\"aligncenter size-thumbnail wp-image-4019\" title=\"regrat\" src=\"http:\/\/www.slometeo.net\/zaplana\/blog\/wp-content\/uploads\/2010\/05\/regrat-130x97.jpg\" alt=\"\" width=\"130\" height=\"97\" srcset=\"http:\/\/www.slometeo.net\/zaplana\/blog\/wp-content\/uploads\/2010\/05\/regrat-130x97.jpg 130w, http:\/\/www.slometeo.net\/zaplana\/blog\/wp-content\/uploads\/2010\/05\/regrat.jpg 640w\" sizes=\"(max-width: 130px) 100vw, 130px\" \/><\/a><\/p>\n<p style=\"text-align: justify;\">Vpliv rasti\u00c5\u00a1\u00c4\u008da na fenofaze je bil 9.maja\u00c2\u00a0nazorno viden na mladi bukvi, ki uspeva v\u00c2\u00a0globoki\u00c2\u00a0senci in zaradi \u00c5\u00beive skale na\u00c2\u00a0tanki\u00c2\u00a0odeji prsti. V olistanosti je omenjena bukev za svojimi vrstnicami v ozadju fotografije zaostajala za ve\u00c4\u008d kot deset dni.<\/p>\n<p style=\"text-align: center;\"><a href=\"http:\/\/www.slometeo.net\/zaplana\/blog\/wp-content\/uploads\/2010\/05\/bukev5.jpg\" target=\"_blank\" rel=\"lightbox[3927]\"><img decoding=\"async\" loading=\"lazy\" class=\"aligncenter size-thumbnail wp-image-4020\" title=\"bukev5\" src=\"http:\/\/www.slometeo.net\/zaplana\/blog\/wp-content\/uploads\/2010\/05\/bukev5-130x97.jpg\" alt=\"\" width=\"130\" height=\"97\" srcset=\"http:\/\/www.slometeo.net\/zaplana\/blog\/wp-content\/uploads\/2010\/05\/bukev5-130x97.jpg 130w, http:\/\/www.slometeo.net\/zaplana\/blog\/wp-content\/uploads\/2010\/05\/bukev5.jpg 640w\" sizes=\"(max-width: 130px) 100vw, 130px\" \/><\/a><\/p>\n","protected":false},"excerpt":{"rendered":"<p>Odziv rastlin na spremembe okolja lahko prou\u00c4\u008dujemo na podlagi njihovih razvojnih stopenj oz. fenolo\u00c5\u00a1kih faz. Skozi letne \u00c4\u008dase se pri rastlinah zvrstijo dolo\u00c4\u008dene razvojne stopnje, kot so olistanje,\u00c2\u00a0cvetenje, odpadanje listja in \u00c5\u00a1e \u00c5\u00a1tevilne\u00c2\u00a0druge.\u00c2\u00a0Fenolo\u00c5\u00a1ke faze so odvisne predvsem od vremena, zato se fenolo\u00c5\u00a1ka opazovanja pogosto\u00c2\u00a0izvajajo v okviru meteorolo\u00c5\u00a1kih slu\u00c5\u00beb na agrometeorolo\u00c5\u00a1kih in\u00c2\u00a0fenolo\u00c5\u00a1kih postajah. V okolici Zaplane [&hellip;]<\/p>\n","protected":false},"author":1,"featured_media":0,"comment_status":"open","ping_status":"open","sticky":false,"template":"","format":"standard","meta":[],"categories":[11],"tags":[],"_links":{"self":[{"href":"http:\/\/www.slometeo.net\/zaplana\/blog\/index.php?rest_route=\/wp\/v2\/posts\/3927"}],"collection":[{"href":"http:\/\/www.slometeo.net\/zaplana\/blog\/index.php?rest_route=\/wp\/v2\/posts"}],"about":[{"href":"http:\/\/www.slometeo.net\/zaplana\/blog\/index.php?rest_route=\/wp\/v2\/types\/post"}],"author":[{"embeddable":true,"href":"http:\/\/www.slometeo.net\/zaplana\/blog\/index.php?rest_route=\/wp\/v2\/users\/1"}],"replies":[{"embeddable":true,"href":"http:\/\/www.slometeo.net\/zaplana\/blog\/index.php?rest_route=%2Fwp%2Fv2%2Fcomments&post=3927"}],"version-history":[{"count":28,"href":"http:\/\/www.slometeo.net\/zaplana\/blog\/index.php?rest_route=\/wp\/v2\/posts\/3927\/revisions"}],"predecessor-version":[{"id":4036,"href":"http:\/\/www.slometeo.net\/zaplana\/blog\/index.php?rest_route=\/wp\/v2\/posts\/3927\/revisions\/4036"}],"wp:attachment":[{"href":"http:\/\/www.slometeo.net\/zaplana\/blog\/index.php?rest_route=%2Fwp%2Fv2%2Fmedia&parent=3927"}],"wp:term":[{"taxonomy":"category","embeddable":true,"href":"http:\/\/www.slometeo.net\/zaplana\/blog\/index.php?rest_route=%2Fwp%2Fv2%2Fcategories&post=3927"},{"taxonomy":"post_tag","embeddable":true,"href":"http:\/\/www.slometeo.net\/zaplana\/blog\/index.php?rest_route=%2Fwp%2Fv2%2Ftags&post=3927"}],"curies":[{"name":"wp","href":"https:\/\/api.w.org\/{rel}","templated":true}]}}