{"id":3682,"date":"2010-03-12T20:00:53","date_gmt":"2010-03-12T19:00:53","guid":{"rendered":"http:\/\/www.slometeo.net\/zaplana\/blog\/?p=3682"},"modified":"2010-03-12T20:03:28","modified_gmt":"2010-03-12T19:03:28","slug":"zanimivi-vremenski-dogodki-v-preteklosti-12-marec-1976","status":"publish","type":"post","link":"http:\/\/www.slometeo.net\/zaplana\/blog\/?p=3682","title":{"rendered":"Zanimivi vremenski dogodki v preteklosti &#8211; 12.marec 1976"},"content":{"rendered":"<blockquote>\n<p style=\"text-align: justify;\">Za sredino marca je bilo jutro zelo mrzlo, ve\u00c4\u008dji del Slovenije je prekrivala debela sne\u00c5\u00bena odeja. V Babnem Polju so izmerili -30,4\u00c2\u00b0C, v Novi vasi na Blokah -28,3\u00c2\u00b0C, v Celju -23,4\u00c2\u00b0C in v Ko\u00c4\u008devju -22,4\u00c2\u00b0C. \u00c4\u0152ez dan se je zelo mo\u00c4\u008dno segrelo, dnevni hod je bil najve\u00c4\u008dji v Babnem Polju, 30,8\u00c2\u00b0C; v Novi vasi je zna\u00c5\u00a1al 29,1\u00c2\u00b0C in v Celju 25,4\u00c2\u00b0C.<\/p>\n<p style=\"text-align: justify;\">ARSO-meteo.si<\/p>\n<\/blockquote>\n<p style=\"text-align: justify;\">Nizke temperature 12.marca 1976 so \u00c5\u00a1e en dokaz, da lahko\u00c2\u00a0v marcu\u00c2\u00a0vladajo povsem zimske razmere. Nad Slovenijo se je iz severa raztezala obse\u00c5\u00bena dolina s hladnim zrakom, ob jasni no\u00c4\u008di z debelo sne\u00c5\u00beno odejo se je izrazito ohladilo. Na Zaplani\u00c2\u00a0so bile\u00c2\u00a0razmere za no\u00c4\u008dno ohlajanje \u00c5\u00a1e posebno ugodne zaradi severnih prizemnih vetrov. V Rovtah nad Logatcem se je ohladilo na -13,5\u00c2\u00b0C, na Vrhniki pa je bilo\u00c2\u00a0kljub jutranji nizki obla\u00c4\u008dnosti -21,2\u00c2\u00b0C. V Ljubljanski kotlini je nastala jutranja\u00c2\u00a0megla, ker pa je bilo na vi\u00c5\u00a1ji Spodnji Zaplani jasno jutro, se je tam\u00c2\u00a0po vsej verjetnosti \u00c5\u00a1e izraziteje ohladilo, kot na Vrhniki. Glede na temperaturo na Spodnji Zaplani se je temperatura\u00c2\u00a0v mrazi\u00c5\u00a1\u00c4\u008dih spustila vsaj do -33\u00c2\u00b0C.<\/p>\n<p style=\"text-align: justify;\">Viri podatkov:<\/p>\n<p style=\"text-align: justify;\">&#8211; digitalni arhiv meteorolo\u00c5\u00a1kih podatkov ARSO-meteo.si<\/p>\n<p style=\"text-align: justify;\">&#8211; NCEP reanalize takratne vremenske situacije<\/p>\n","protected":false},"excerpt":{"rendered":"<p>Za sredino marca je bilo jutro zelo mrzlo, ve\u00c4\u008dji del Slovenije je prekrivala debela sne\u00c5\u00bena odeja. V Babnem Polju so izmerili -30,4\u00c2\u00b0C, v Novi vasi na Blokah -28,3\u00c2\u00b0C, v Celju -23,4\u00c2\u00b0C in v Ko\u00c4\u008devju -22,4\u00c2\u00b0C. \u00c4\u0152ez dan se je zelo mo\u00c4\u008dno segrelo, dnevni hod je bil najve\u00c4\u008dji v Babnem Polju, 30,8\u00c2\u00b0C; v Novi vasi je [&hellip;]<\/p>\n","protected":false},"author":1,"featured_media":0,"comment_status":"open","ping_status":"open","sticky":false,"template":"","format":"standard","meta":[],"categories":[11],"tags":[],"_links":{"self":[{"href":"http:\/\/www.slometeo.net\/zaplana\/blog\/index.php?rest_route=\/wp\/v2\/posts\/3682"}],"collection":[{"href":"http:\/\/www.slometeo.net\/zaplana\/blog\/index.php?rest_route=\/wp\/v2\/posts"}],"about":[{"href":"http:\/\/www.slometeo.net\/zaplana\/blog\/index.php?rest_route=\/wp\/v2\/types\/post"}],"author":[{"embeddable":true,"href":"http:\/\/www.slometeo.net\/zaplana\/blog\/index.php?rest_route=\/wp\/v2\/users\/1"}],"replies":[{"embeddable":true,"href":"http:\/\/www.slometeo.net\/zaplana\/blog\/index.php?rest_route=%2Fwp%2Fv2%2Fcomments&post=3682"}],"version-history":[{"count":9,"href":"http:\/\/www.slometeo.net\/zaplana\/blog\/index.php?rest_route=\/wp\/v2\/posts\/3682\/revisions"}],"predecessor-version":[{"id":3692,"href":"http:\/\/www.slometeo.net\/zaplana\/blog\/index.php?rest_route=\/wp\/v2\/posts\/3682\/revisions\/3692"}],"wp:attachment":[{"href":"http:\/\/www.slometeo.net\/zaplana\/blog\/index.php?rest_route=%2Fwp%2Fv2%2Fmedia&parent=3682"}],"wp:term":[{"taxonomy":"category","embeddable":true,"href":"http:\/\/www.slometeo.net\/zaplana\/blog\/index.php?rest_route=%2Fwp%2Fv2%2Fcategories&post=3682"},{"taxonomy":"post_tag","embeddable":true,"href":"http:\/\/www.slometeo.net\/zaplana\/blog\/index.php?rest_route=%2Fwp%2Fv2%2Ftags&post=3682"}],"curies":[{"name":"wp","href":"https:\/\/api.w.org\/{rel}","templated":true}]}}