{"id":3249,"date":"2010-02-08T14:11:30","date_gmt":"2010-02-08T13:11:30","guid":{"rendered":"http:\/\/www.slometeo.net\/zaplana\/blog\/?p=3249"},"modified":"2010-02-09T22:21:31","modified_gmt":"2010-02-09T21:21:31","slug":"snezne-razmere-na-zaplani-v-zacetku-februarja-2010","status":"publish","type":"post","link":"http:\/\/www.slometeo.net\/zaplana\/blog\/?p=3249","title":{"rendered":"Sne\u00c5\u00bene razmere na Zaplani v za\u00c4\u008detku februarja 2010"},"content":{"rendered":"<p style=\"text-align: justify;\">Ob odjugi na za\u00c4\u008detku februarja se je vi\u00c5\u00a1ina\u00c2\u00a0sne\u00c5\u00bene odeje na Zaplani\u00c2\u00a0skorajda prepolovila, toda v soboto 6.februarja je spet sne\u00c5\u00beilo in zimska idila se je vrnila.\u00c2\u00a0Omenjenega dne je v Ljubljanski kotlini v glavnem de\u00c5\u00beevalo, na vi\u00c5\u00a1ji Zaplani pa sne\u00c5\u00beilo. Zve\u00c4\u008der je bilo na standardni lokaciji za meritve sne\u00c5\u00bene odeje izmerjeno 46cm,\u00c2\u00a0na bli\u00c5\u00benjem Petkovcu pa 43cm snega. Na Ulovki je bilo istega dne popoldne izmerjeno 54cm snega.\u00c2\u00a0Do jutra se je sneg nekoliko posedel, na Spodnji\u00c2\u00a0Zaplani je bilo izmerjeno 44cm, v mrazi\u00c5\u00a1\u00c4\u008du pod sedanjim \u00c4\u008debelnjakom 60cm,\u00c2\u00a0v Logatcu pa 37cm snega. V nedeljo so se obetale razjasnitve, na Spodnji\u00c2\u00a0Zaplani pa\u00c2\u00a0je bilo\u00c2\u00a0\u00c4\u008dez dan glede na bli\u00c5\u00benjo okolico presenetljivo veliko sonca. Kot se je kasneje izkazalo, je\u00c2\u00a0\u00c5\u00a1lo za zelo zanimivo\u00c2\u00a0razporeditev obla\u00c4\u008dnosti, ki je poleg vsega trajala \u00c5\u00a1e\u00c2\u00a0ve\u00c4\u008dino dneva. Sonca je bilo veliko v \u00c5\u00a1ir\u00c5\u00a1i okolici Logatca, \u00c5\u00bee\u00c2\u00a0v severnem delu Zaplane pa\u00c2\u00a0je bilo vreme obla\u00c4\u008dno. Oblaki so nastajali\u00c2\u00a0nad Polhograjskim hribovjem in Hru\u00c5\u00a1ico, nad obmo\u00c4\u008djem Logatca pa se je obla\u00c4\u008dnost\u00c2\u00a0sproti\u00c2\u00a0su\u00c5\u00a1ila.\u00c2\u00a0Predvidoma je bila za to vzrok fenizacija ozra\u00c4\u008dja, za pas oblakov pa dvig zra\u00c4\u008dnih mas ob pobo\u00c4\u008djih z\u00c2\u00a0vzhodnim vetrom. V nedeljo se je okrepil vzhodni veter in na prazni\u00c4\u008dni ponedeljek je bilo na Spodnji Zaplani izmerjeno 37cm, v Logatcu pa 31cm\u00c2\u00a0snega. Nekaj snega se je na povr\u00c5\u00a1ini stalilo zaradi sonca, na lokaciji za meritve snega pri sedanjem \u00c4\u008debelnjaku pa je nekoliko mo\u00c4\u008dnej\u00c5\u00a1i tudi vzhodni veter, tako da je bilo nekaj snega tudi spihanega. To potrjujejo sledi v sne\u00c5\u00beni odeji, ki so bile ponekod \u00c5\u00bee zakrite\u00c2\u00a0z napihanim\u00c2\u00a0snegom, pa tudi sicer je bilo v zati\u00c5\u00a1nih legah izmerjeno okoli 40cm snega.<\/p>\n<p style=\"text-align: justify;\">Sne\u00c5\u00bena odeja je bila\u00c2\u00a0na dvignjenih predmetih,\u00c2\u00a0kjer v januarju na sesedanje snega niso vplivala topla tla,\u00c2\u00a0debela okoli 60cm.<\/p>\n<p style=\"text-align: center;\"><a href=\"http:\/\/www.slometeo.net\/zaplana\/blog\/wp-content\/uploads\/2010\/02\/sneg75.jpg\" target=\"_blank\" rel=\"lightbox[3249]\"><img decoding=\"async\" loading=\"lazy\" class=\"aligncenter size-thumbnail wp-image-3268\" title=\"sneg75\" src=\"http:\/\/www.slometeo.net\/zaplana\/blog\/wp-content\/uploads\/2010\/02\/sneg75-130x97.jpg\" alt=\"\" width=\"130\" height=\"97\" srcset=\"http:\/\/www.slometeo.net\/zaplana\/blog\/wp-content\/uploads\/2010\/02\/sneg75-130x97.jpg 130w, http:\/\/www.slometeo.net\/zaplana\/blog\/wp-content\/uploads\/2010\/02\/sneg75.jpg 640w\" sizes=\"(max-width: 130px) 100vw, 130px\" \/><\/a><\/p>\n<p>\u00c5\u00a0e dobro, da je pti\u00c4\u008dja hi\u00c5\u00a1ica sprojektirana za\u00c2\u00a0obilne sne\u00c5\u00bene padavine.<\/p>\n<p style=\"text-align: center;\"><a href=\"http:\/\/www.slometeo.net\/zaplana\/blog\/wp-content\/uploads\/2010\/02\/sneg76.jpg\" target=\"_blank\" rel=\"lightbox[3249]\"><img decoding=\"async\" loading=\"lazy\" class=\"aligncenter size-thumbnail wp-image-3269\" title=\"sneg76\" src=\"http:\/\/www.slometeo.net\/zaplana\/blog\/wp-content\/uploads\/2010\/02\/sneg76-130x97.jpg\" alt=\"\" width=\"130\" height=\"97\" srcset=\"http:\/\/www.slometeo.net\/zaplana\/blog\/wp-content\/uploads\/2010\/02\/sneg76-130x97.jpg 130w, http:\/\/www.slometeo.net\/zaplana\/blog\/wp-content\/uploads\/2010\/02\/sneg76.jpg 640w\" sizes=\"(max-width: 130px) 100vw, 130px\" \/><\/a><\/p>\n<p>Le kaj je polomilo ledeno sve\u00c4\u008do?<\/p>\n<p style=\"text-align: center;\"><a href=\"http:\/\/www.slometeo.net\/zaplana\/blog\/wp-content\/uploads\/2010\/02\/sneg77.jpg\" target=\"_blank\" rel=\"lightbox[3249]\"><img decoding=\"async\" loading=\"lazy\" class=\"aligncenter size-thumbnail wp-image-3270\" title=\"sneg77\" src=\"http:\/\/www.slometeo.net\/zaplana\/blog\/wp-content\/uploads\/2010\/02\/sneg77-130x97.jpg\" alt=\"\" width=\"130\" height=\"97\" srcset=\"http:\/\/www.slometeo.net\/zaplana\/blog\/wp-content\/uploads\/2010\/02\/sneg77-130x97.jpg 130w, http:\/\/www.slometeo.net\/zaplana\/blog\/wp-content\/uploads\/2010\/02\/sneg77.jpg 640w\" sizes=\"(max-width: 130px) 100vw, 130px\" \/><\/a><\/p>\n<p style=\"text-align: justify;\">Po splu\u00c5\u00beeni cesti je\u00c2\u00a0dobro\u00c2\u00a0vidna ob\u00c4\u008dinska meja. Je pa potrebno omeniti, da so malo zatem svojo nalogo dobro opravili tudi cestni delavci iz vrhni\u00c5\u00a1ke smeri.<\/p>\n<p style=\"text-align: center;\"><a href=\"http:\/\/www.slometeo.net\/zaplana\/blog\/wp-content\/uploads\/2010\/02\/sneg78.jpg\" target=\"_blank\" rel=\"lightbox[3249]\"><img decoding=\"async\" loading=\"lazy\" class=\"aligncenter size-thumbnail wp-image-3271\" title=\"sneg78\" src=\"http:\/\/www.slometeo.net\/zaplana\/blog\/wp-content\/uploads\/2010\/02\/sneg78-130x97.jpg\" alt=\"\" width=\"130\" height=\"97\" srcset=\"http:\/\/www.slometeo.net\/zaplana\/blog\/wp-content\/uploads\/2010\/02\/sneg78-130x97.jpg 130w, http:\/\/www.slometeo.net\/zaplana\/blog\/wp-content\/uploads\/2010\/02\/sneg78.jpg 640w\" sizes=\"(max-width: 130px) 100vw, 130px\" \/><\/a><\/p>\n<p>Na Zaplani se po zasne\u00c5\u00beenih deblih dreves\u00c2\u00a0opazi, da med sne\u00c5\u00beenjem pogosto\u00c2\u00a0piha mo\u00c4\u008dnej\u00c5\u00a1i vzhodni veter.<\/p>\n<p style=\"text-align: center;\"><a href=\"http:\/\/www.slometeo.net\/zaplana\/blog\/wp-content\/uploads\/2010\/02\/sneg79.jpg\" target=\"_blank\" rel=\"lightbox[3249]\"><img decoding=\"async\" loading=\"lazy\" class=\"aligncenter size-thumbnail wp-image-3272\" title=\"sneg79\" src=\"http:\/\/www.slometeo.net\/zaplana\/blog\/wp-content\/uploads\/2010\/02\/sneg79-130x97.jpg\" alt=\"\" width=\"130\" height=\"97\" srcset=\"http:\/\/www.slometeo.net\/zaplana\/blog\/wp-content\/uploads\/2010\/02\/sneg79-130x97.jpg 130w, http:\/\/www.slometeo.net\/zaplana\/blog\/wp-content\/uploads\/2010\/02\/sneg79.jpg 640w\" sizes=\"(max-width: 130px) 100vw, 130px\" \/><\/a><\/p>\n<p>Zaradi mo\u00c4\u008dnej\u00c5\u00a1ega vetra ob sne\u00c5\u00beenju je bilo drevje na Ulovki \u00c5\u00a1e izraziteje zasne\u00c5\u00beeno.<\/p>\n<p style=\"text-align: center;\"><a href=\"http:\/\/www.slometeo.net\/zaplana\/blog\/wp-content\/uploads\/2010\/02\/sneg80.jpg\" target=\"_blank\" rel=\"lightbox[3249]\"><img decoding=\"async\" loading=\"lazy\" class=\"aligncenter size-thumbnail wp-image-3273\" title=\"sneg80\" src=\"http:\/\/www.slometeo.net\/zaplana\/blog\/wp-content\/uploads\/2010\/02\/sneg80-130x97.jpg\" alt=\"\" width=\"130\" height=\"97\" srcset=\"http:\/\/www.slometeo.net\/zaplana\/blog\/wp-content\/uploads\/2010\/02\/sneg80-130x97.jpg 130w, http:\/\/www.slometeo.net\/zaplana\/blog\/wp-content\/uploads\/2010\/02\/sneg80.jpg 640w\" sizes=\"(max-width: 130px) 100vw, 130px\" \/><\/a><\/p>\n<p style=\"text-align: left;\">Tule pa zares manjkajo samo \u00c5\u00a1e gozdni \u00c5\u00a1kratje.<\/p>\n<p style=\"text-align: center;\"><a href=\"http:\/\/www.slometeo.net\/zaplana\/blog\/wp-content\/uploads\/2010\/02\/sneg81.jpg\" target=\"_blank\" rel=\"lightbox[3249]\"><img decoding=\"async\" loading=\"lazy\" class=\"aligncenter size-thumbnail wp-image-3274\" title=\"sneg81\" src=\"http:\/\/www.slometeo.net\/zaplana\/blog\/wp-content\/uploads\/2010\/02\/sneg81-130x97.jpg\" alt=\"\" width=\"130\" height=\"97\" srcset=\"http:\/\/www.slometeo.net\/zaplana\/blog\/wp-content\/uploads\/2010\/02\/sneg81-130x97.jpg 130w, http:\/\/www.slometeo.net\/zaplana\/blog\/wp-content\/uploads\/2010\/02\/sneg81.jpg 640w\" sizes=\"(max-width: 130px) 100vw, 130px\" \/><\/a><\/p>\n<p style=\"text-align: justify;\">V leto\u00c5\u00a1nji zimi vztraja sne\u00c5\u00bena odeja \u00c5\u00bee dlje \u00c4\u008dasa in v tem obdobju je izpostavljena razli\u00c4\u008dnim vplivom, ki jo preoblikujejo. Po tako dolgem \u00c4\u008dasovnem\u00c2\u00a0obdobju\u00c2\u00a0je\u00c2\u00a0\u00c5\u00a1e bolj pomembno, da se meritve snega izvajajo na lokaciji, kjer na sne\u00c5\u00beno odejo vpliva zgolj vreme. Meritve sne\u00c5\u00bene odeje na odprtem travniku na Spodnji Zaplani.<\/p>\n<p style=\"text-align: center;\"><a href=\"http:\/\/www.slometeo.net\/zaplana\/blog\/wp-content\/uploads\/2010\/02\/sneg82.jpg\" target=\"_blank\" rel=\"lightbox[3249]\"><img decoding=\"async\" loading=\"lazy\" class=\"size-thumbnail wp-image-3275  aligncenter\" title=\"sneg82\" src=\"http:\/\/www.slometeo.net\/zaplana\/blog\/wp-content\/uploads\/2010\/02\/sneg82-130x97.jpg\" alt=\"\" width=\"130\" height=\"97\" srcset=\"http:\/\/www.slometeo.net\/zaplana\/blog\/wp-content\/uploads\/2010\/02\/sneg82-130x97.jpg 130w, http:\/\/www.slometeo.net\/zaplana\/blog\/wp-content\/uploads\/2010\/02\/sneg82.jpg 640w\" sizes=\"(max-width: 130px) 100vw, 130px\" \/><\/a><\/p>\n<p style=\"text-align: justify;\">Meritve\u00c2\u00a0 sne\u00c5\u00bene odeje v mrazi\u00c5\u00a1\u00c4\u008du pod sedanjim \u00c4\u008debelnjakom. Sne\u00c5\u00bena odeja je tu pogosto precej debelej\u00c5\u00a1a kot v bli\u00c5\u00benji okolici, tokrat je bilo snega ve\u00c4\u008d kot na precej vi\u00c5\u00a1ji Ulovki. Izmerjenih 60cm snega predstavlja\u00c2\u00a0dobro podlago za debelo sne\u00c5\u00beno odejo v spomladanskem \u00c4\u008dasu.<\/p>\n<p style=\"text-align: center;\"><a href=\"http:\/\/www.slometeo.net\/zaplana\/blog\/wp-content\/uploads\/2010\/02\/sneg83.jpg\" target=\"_blank\" rel=\"lightbox[3249]\"><img decoding=\"async\" loading=\"lazy\" class=\"aligncenter size-thumbnail wp-image-3276\" title=\"sneg83\" src=\"http:\/\/www.slometeo.net\/zaplana\/blog\/wp-content\/uploads\/2010\/02\/sneg83-130x97.jpg\" alt=\"\" width=\"130\" height=\"97\" srcset=\"http:\/\/www.slometeo.net\/zaplana\/blog\/wp-content\/uploads\/2010\/02\/sneg83-130x97.jpg 130w, http:\/\/www.slometeo.net\/zaplana\/blog\/wp-content\/uploads\/2010\/02\/sneg83.jpg 640w\" sizes=\"(max-width: 130px) 100vw, 130px\" \/><\/a><\/p>\n<p style=\"text-align: justify;\">Jugozahodni veter je\u00c2\u00a0novembra 2009 smreki\u00c2\u00a0odlomil ve\u00c4\u008dji del vrha. Ker gre za mlaj\u00c5\u00a1e drevo, bo zelo verjetno pre\u00c5\u00beivelo. Pri starej\u00c5\u00a1ih smrekah z ve\u00c4\u008djimi vejami bi bil lahko tak odlom vrha usoden. Smreke so namre\u00c4\u008d s svojo obliko kro\u00c5\u00a1nje prilagojene obilnim sne\u00c5\u00benim padavinam, saj se sneg po vejah dokaj enakomerno\u00c2\u00a0porazdeli. \u00c4\u0152e vrha ni ve\u00c4\u008d, pade velika koli\u00c4\u008dina snega na ni\u00c5\u00beje veje, ki niso prilagojene\u00c2\u00a0ve\u00c4\u008djim koli\u00c4\u008dinam snega in ki se lahko zlomijo.<\/p>\n<p style=\"text-align: center;\"><a href=\"http:\/\/www.slometeo.net\/zaplana\/blog\/wp-content\/uploads\/2010\/02\/sneg84.jpg\" target=\"_blank\" rel=\"lightbox[3249]\"><img decoding=\"async\" loading=\"lazy\" class=\"aligncenter size-thumbnail wp-image-3277\" title=\"sneg84\" src=\"http:\/\/www.slometeo.net\/zaplana\/blog\/wp-content\/uploads\/2010\/02\/sneg84-130x97.jpg\" alt=\"\" width=\"130\" height=\"97\" srcset=\"http:\/\/www.slometeo.net\/zaplana\/blog\/wp-content\/uploads\/2010\/02\/sneg84-130x97.jpg 130w, http:\/\/www.slometeo.net\/zaplana\/blog\/wp-content\/uploads\/2010\/02\/sneg84.jpg 640w\" sizes=\"(max-width: 130px) 100vw, 130px\" \/><\/a><\/p>\n<p style=\"text-align: justify;\">Pri staremu belemu gabru te\u00c5\u00beav s snegom ni, saj se sicer zelo dolge veje preprosto upognejo vse do tal in so tako zavarovane pred zlomi.<\/p>\n<p style=\"text-align: center;\"><a href=\"http:\/\/www.slometeo.net\/zaplana\/blog\/wp-content\/uploads\/2010\/02\/sneg851.jpg\" rel=\"lightbox[3249]\"><img decoding=\"async\" loading=\"lazy\" class=\"aligncenter size-thumbnail wp-image-3295\" title=\"sneg85\" src=\"http:\/\/www.slometeo.net\/zaplana\/blog\/wp-content\/uploads\/2010\/02\/sneg851-130x97.jpg\" alt=\"\" width=\"130\" height=\"97\" srcset=\"http:\/\/www.slometeo.net\/zaplana\/blog\/wp-content\/uploads\/2010\/02\/sneg851-130x97.jpg 130w, http:\/\/www.slometeo.net\/zaplana\/blog\/wp-content\/uploads\/2010\/02\/sneg851.jpg 640w\" sizes=\"(max-width: 130px) 100vw, 130px\" \/><\/a>\u00c2\u00a0<\/p>\n<p style=\"text-align: justify;\">V\u00c2\u00a0nedeljo 7.februarja je\u00c2\u00a0na Spodnji\u00c2\u00a0Zaplani ve\u00c4\u008dji del dneva sijalo sonce, \u00c5\u00bee v severnem delu Zaplane pa je bilo\u00c2\u00a0popolnoma obla\u00c4\u008dno (v ozadju fotografije).<\/p>\n<p style=\"text-align: center;\"><a href=\"http:\/\/www.slometeo.net\/zaplana\/blog\/wp-content\/uploads\/2010\/02\/sneg86.jpg\" target=\"_blank\" rel=\"lightbox[3249]\"><img decoding=\"async\" loading=\"lazy\" class=\"aligncenter size-thumbnail wp-image-3279\" title=\"sneg86\" src=\"http:\/\/www.slometeo.net\/zaplana\/blog\/wp-content\/uploads\/2010\/02\/sneg86-130x97.jpg\" alt=\"\" width=\"130\" height=\"97\" srcset=\"http:\/\/www.slometeo.net\/zaplana\/blog\/wp-content\/uploads\/2010\/02\/sneg86-130x97.jpg 130w, http:\/\/www.slometeo.net\/zaplana\/blog\/wp-content\/uploads\/2010\/02\/sneg86.jpg 640w\" sizes=\"(max-width: 130px) 100vw, 130px\" \/><\/a><\/p>\n<p>Podarjene son\u00c4\u008dne \u00c5\u00bearke so dobro izkori\u00c5\u00a1\u00c4\u008dale \u00c5\u00beivali.<\/p>\n<p style=\"text-align: center;\"><a href=\"http:\/\/www.slometeo.net\/zaplana\/blog\/wp-content\/uploads\/2010\/02\/muca.jpg\" target=\"_blank\" rel=\"lightbox[3249]\"><img decoding=\"async\" loading=\"lazy\" class=\"aligncenter size-thumbnail wp-image-3280\" title=\"muca\" src=\"http:\/\/www.slometeo.net\/zaplana\/blog\/wp-content\/uploads\/2010\/02\/muca-130x97.jpg\" alt=\"\" width=\"130\" height=\"97\" srcset=\"http:\/\/www.slometeo.net\/zaplana\/blog\/wp-content\/uploads\/2010\/02\/muca-130x97.jpg 130w, http:\/\/www.slometeo.net\/zaplana\/blog\/wp-content\/uploads\/2010\/02\/muca.jpg 640w\" sizes=\"(max-width: 130px) 100vw, 130px\" \/><\/a><\/p>\n<p>Po prekrokani no\u00c4\u008di?<\/p>\n<p style=\"text-align: center;\"><a href=\"http:\/\/www.slometeo.net\/zaplana\/blog\/wp-content\/uploads\/2010\/02\/sneg87.jpg\" target=\"_blank\" rel=\"lightbox[3249]\"><img decoding=\"async\" loading=\"lazy\" class=\"aligncenter size-thumbnail wp-image-3281\" title=\"sneg87\" src=\"http:\/\/www.slometeo.net\/zaplana\/blog\/wp-content\/uploads\/2010\/02\/sneg87-130x97.jpg\" alt=\"\" width=\"130\" height=\"97\" srcset=\"http:\/\/www.slometeo.net\/zaplana\/blog\/wp-content\/uploads\/2010\/02\/sneg87-130x97.jpg 130w, http:\/\/www.slometeo.net\/zaplana\/blog\/wp-content\/uploads\/2010\/02\/sneg87.jpg 640w\" sizes=\"(max-width: 130px) 100vw, 130px\" \/><\/a><\/p>\n<p>S stropa\u00c2\u00a0predora &#8220;Leskovec&#8221; odpada\u00c2\u00a0sneg. Va\u00c5\u00beno je, da ne odpada kak\u00c5\u00a1en\u00c2\u00a0omet.<\/p>\n<p style=\"text-align: center;\"><a href=\"http:\/\/www.slometeo.net\/zaplana\/blog\/wp-content\/uploads\/2010\/02\/sneg88.jpg\" target=\"_blank\" rel=\"lightbox[3249]\"><img decoding=\"async\" loading=\"lazy\" class=\"aligncenter size-thumbnail wp-image-3282\" title=\"sneg88\" src=\"http:\/\/www.slometeo.net\/zaplana\/blog\/wp-content\/uploads\/2010\/02\/sneg88-130x97.jpg\" alt=\"\" width=\"130\" height=\"97\" srcset=\"http:\/\/www.slometeo.net\/zaplana\/blog\/wp-content\/uploads\/2010\/02\/sneg88-130x97.jpg 130w, http:\/\/www.slometeo.net\/zaplana\/blog\/wp-content\/uploads\/2010\/02\/sneg88.jpg 640w\" sizes=\"(max-width: 130px) 100vw, 130px\" \/><\/a><\/p>\n<p>V leto\u00c5\u00a1nji zimi se sne\u00c5\u00beni koli ob cestah vsekakor\u00c2\u00a0ne zdijo predimenzionirani.<\/p>\n<p style=\"text-align: center;\"><a href=\"http:\/\/www.slometeo.net\/zaplana\/blog\/wp-content\/uploads\/2010\/02\/sneg89.jpg\" target=\"_blank\" rel=\"lightbox[3249]\"><img decoding=\"async\" loading=\"lazy\" class=\"aligncenter size-thumbnail wp-image-3283\" title=\"sneg89\" src=\"http:\/\/www.slometeo.net\/zaplana\/blog\/wp-content\/uploads\/2010\/02\/sneg89-130x97.jpg\" alt=\"\" width=\"130\" height=\"97\" srcset=\"http:\/\/www.slometeo.net\/zaplana\/blog\/wp-content\/uploads\/2010\/02\/sneg89-130x97.jpg 130w, http:\/\/www.slometeo.net\/zaplana\/blog\/wp-content\/uploads\/2010\/02\/sneg89.jpg 640w\" sizes=\"(max-width: 130px) 100vw, 130px\" \/><\/a><\/p>\n<p>Viri podatkov:<\/p>\n<p>&#8211; zasebni meteorolo\u00c5\u00a1ki postaji Petkovec in\u00c2\u00a0Gorenji Logatec<\/p>\n","protected":false},"excerpt":{"rendered":"<p>Ob odjugi na za\u00c4\u008detku februarja se je vi\u00c5\u00a1ina\u00c2\u00a0sne\u00c5\u00bene odeje na Zaplani\u00c2\u00a0skorajda prepolovila, toda v soboto 6.februarja je spet sne\u00c5\u00beilo in zimska idila se je vrnila.\u00c2\u00a0Omenjenega dne je v Ljubljanski kotlini v glavnem de\u00c5\u00beevalo, na vi\u00c5\u00a1ji Zaplani pa sne\u00c5\u00beilo. Zve\u00c4\u008der je bilo na standardni lokaciji za meritve sne\u00c5\u00bene odeje izmerjeno 46cm,\u00c2\u00a0na bli\u00c5\u00benjem Petkovcu pa 43cm snega. [&hellip;]<\/p>\n","protected":false},"author":1,"featured_media":0,"comment_status":"open","ping_status":"open","sticky":false,"template":"","format":"standard","meta":[],"categories":[15],"tags":[],"_links":{"self":[{"href":"http:\/\/www.slometeo.net\/zaplana\/blog\/index.php?rest_route=\/wp\/v2\/posts\/3249"}],"collection":[{"href":"http:\/\/www.slometeo.net\/zaplana\/blog\/index.php?rest_route=\/wp\/v2\/posts"}],"about":[{"href":"http:\/\/www.slometeo.net\/zaplana\/blog\/index.php?rest_route=\/wp\/v2\/types\/post"}],"author":[{"embeddable":true,"href":"http:\/\/www.slometeo.net\/zaplana\/blog\/index.php?rest_route=\/wp\/v2\/users\/1"}],"replies":[{"embeddable":true,"href":"http:\/\/www.slometeo.net\/zaplana\/blog\/index.php?rest_route=%2Fwp%2Fv2%2Fcomments&post=3249"}],"version-history":[{"count":37,"href":"http:\/\/www.slometeo.net\/zaplana\/blog\/index.php?rest_route=\/wp\/v2\/posts\/3249\/revisions"}],"predecessor-version":[{"id":3308,"href":"http:\/\/www.slometeo.net\/zaplana\/blog\/index.php?rest_route=\/wp\/v2\/posts\/3249\/revisions\/3308"}],"wp:attachment":[{"href":"http:\/\/www.slometeo.net\/zaplana\/blog\/index.php?rest_route=%2Fwp%2Fv2%2Fmedia&parent=3249"}],"wp:term":[{"taxonomy":"category","embeddable":true,"href":"http:\/\/www.slometeo.net\/zaplana\/blog\/index.php?rest_route=%2Fwp%2Fv2%2Fcategories&post=3249"},{"taxonomy":"post_tag","embeddable":true,"href":"http:\/\/www.slometeo.net\/zaplana\/blog\/index.php?rest_route=%2Fwp%2Fv2%2Ftags&post=3249"}],"curies":[{"name":"wp","href":"https:\/\/api.w.org\/{rel}","templated":true}]}}