{"id":17435,"date":"2021-09-05T21:52:40","date_gmt":"2021-09-05T19:52:40","guid":{"rendered":"http:\/\/www.slometeo.net\/zaplana\/blog\/?p=17435"},"modified":"2021-09-05T21:52:40","modified_gmt":"2021-09-05T19:52:40","slug":"razmere-v-mraziscih-16-julij-31-avgust-2021","status":"publish","type":"post","link":"http:\/\/www.slometeo.net\/zaplana\/blog\/?p=17435","title":{"rendered":"Razmere v mraziscih, 16. julij &#8211; 31. avgust 2021"},"content":{"rendered":"<p style=\"text-align: justify;\">V drugi polovici leto\u0161njega meteorolo\u0161kega poletja so bile padavine pogostej\u0161e kot v prvi, de\u017e je bil redni spremljevalec ohladitev in vla\u017ena jutra mraziscem niso prinesla pretiranega mraza. Poletje je bilo peto po vrsti, ko v mraziscu Dolinca ni bila izmerjena negativna temperatura zraka, kar je velik odklon od razmer v preteklosti.<\/p>\n<p style=\"text-align: justify;\">V mraziscu Dolinca je bila najni\u017eja temperatura v merilnem obdobju, 1,0 \u00b0C, izmerjena 26. avgusta. Na 21 m vi\u0161ji vremenski postaji Zaplana je bilo tega dne 6,7 \u00b0C. Najvi\u0161ja temperatura 33,6 \u00b0C je bila v Dolinci izmerjena 14. avgusta. Veckrat je bilo pod 5 \u00b0C, zlasti v drugi polovici avgusta pa se je temperatura pribli\u017eala tudi lediscu.<\/p>\n<p style=\"text-align: justify;\">Toda pod 0 \u00b0C se temperatura v meteorolo\u0161kem poletju 2021 ni spustila, s cimer se nadaljuje \u017ee petletni niz brez negativne poletne temperature. Vzrokov je vec, od mocnej\u0161ih junijskih prodorov hladnega zraka v prvih letih meritev, pa do serije su\u0161nih poletij (predvsem 2011-2013), ko se je v mraziscih kljub morebiti nekoliko toplej\u0161i zracni masi zaradi suhega ozracja, tal in vegetacije vendarle ohladilo pod 0 \u00b0C. V zadnjih poletjih se to ne zgodi kljub obcasnim izrazitej\u0161im prodorom hladnega zraka, saj te vedno spremljajo padavine. Ob vecji namocenosti nastaja megla, ki zavira nocno ohlajanje ozracja. Poleg tega je bila v zadnjih dveh letih negativna temperatura izmerjena 31. maja, le en dan pred pricetkom meteorolo\u0161kega poletja.<\/p>\n<p>&nbsp;<\/p>\n<p style=\"text-align: center;\"><a href=\"http:\/\/www.slometeo.net\/zaplana\/blog\/wp-content\/uploads\/2021\/09\/grafdolinca2021.gif\" rel=\"lightbox[17435]\"><img decoding=\"async\" loading=\"lazy\" class=\"aligncenter \" src=\"http:\/\/www.slometeo.net\/zaplana\/blog\/wp-content\/uploads\/2021\/09\/grafdolinca2021.gif\" width=\"380\" height=\"173\" \/><\/a><em>\u0160tevilo dni z minimalno temperaturo pod 0 \u00b0C v obdobju junij-avgust.<br \/>\n<\/em><\/p>\n<p>&nbsp;<\/p>\n","protected":false},"excerpt":{"rendered":"<p>V drugi polovici leto\u0161njega meteorolo\u0161kega poletja so bile padavine pogostej\u0161e kot v prvi, de\u017e je bil redni spremljevalec ohladitev in vla\u017ena jutra mraziscem niso prinesla pretiranega mraza. Poletje je bilo peto po vrsti, ko v mraziscu Dolinca ni bila izmerjena negativna temperatura zraka, kar je velik odklon od razmer v preteklosti. V mraziscu Dolinca je [&hellip;]<\/p>\n","protected":false},"author":1,"featured_media":0,"comment_status":"open","ping_status":"open","sticky":false,"template":"","format":"standard","meta":[],"categories":[15],"tags":[],"_links":{"self":[{"href":"http:\/\/www.slometeo.net\/zaplana\/blog\/index.php?rest_route=\/wp\/v2\/posts\/17435"}],"collection":[{"href":"http:\/\/www.slometeo.net\/zaplana\/blog\/index.php?rest_route=\/wp\/v2\/posts"}],"about":[{"href":"http:\/\/www.slometeo.net\/zaplana\/blog\/index.php?rest_route=\/wp\/v2\/types\/post"}],"author":[{"embeddable":true,"href":"http:\/\/www.slometeo.net\/zaplana\/blog\/index.php?rest_route=\/wp\/v2\/users\/1"}],"replies":[{"embeddable":true,"href":"http:\/\/www.slometeo.net\/zaplana\/blog\/index.php?rest_route=%2Fwp%2Fv2%2Fcomments&post=17435"}],"version-history":[{"count":16,"href":"http:\/\/www.slometeo.net\/zaplana\/blog\/index.php?rest_route=\/wp\/v2\/posts\/17435\/revisions"}],"predecessor-version":[{"id":17451,"href":"http:\/\/www.slometeo.net\/zaplana\/blog\/index.php?rest_route=\/wp\/v2\/posts\/17435\/revisions\/17451"}],"wp:attachment":[{"href":"http:\/\/www.slometeo.net\/zaplana\/blog\/index.php?rest_route=%2Fwp%2Fv2%2Fmedia&parent=17435"}],"wp:term":[{"taxonomy":"category","embeddable":true,"href":"http:\/\/www.slometeo.net\/zaplana\/blog\/index.php?rest_route=%2Fwp%2Fv2%2Fcategories&post=17435"},{"taxonomy":"post_tag","embeddable":true,"href":"http:\/\/www.slometeo.net\/zaplana\/blog\/index.php?rest_route=%2Fwp%2Fv2%2Ftags&post=17435"}],"curies":[{"name":"wp","href":"https:\/\/api.w.org\/{rel}","templated":true}]}}