{"id":16547,"date":"2020-04-05T08:51:57","date_gmt":"2020-04-05T06:51:57","guid":{"rendered":"http:\/\/www.slometeo.net\/zaplana\/blog\/?p=16547"},"modified":"2020-04-05T08:51:57","modified_gmt":"2020-04-05T06:51:57","slug":"vreme-na-zaplani-marca-2020","status":"publish","type":"post","link":"http:\/\/www.slometeo.net\/zaplana\/blog\/?p=16547","title":{"rendered":"Vreme na Zaplani marca 2020"},"content":{"rendered":"<p align=\"justify\">V osrednji Sloveniji je bil marec za stopinjo Celzija toplej\u00c5\u00a1i od temperaturnega povpre\u00c4\u008dja v referen\u00c4\u008dnem obdobju 1981-2010. V marcu smo bili dele\u00c5\u00beni za ta mesec precej bolj obi\u00c4\u008dajnih razmer kot v februarju, ki se je po \u00c5\u00a1tevilnih kriterijih izkazal za manj zimskega od marca. Zato sta zaslu\u00c5\u00beni zlasti dve izraziti hladni fronti ob koncu marca, ki pa sta ve\u00c4\u008djo koli\u00c4\u008dino snega prinesli krajem ju\u00c5\u00beneje.<\/p>\n<p align=\"justify\">V zgodovini meritev je na vremenski postaji Zaplana temperaturno najbolj odstopal marec v letih 2013 (1,5 \u00c2\u00b0C) in 2017 (7,8 \u00c2\u00b0C). S povpre\u00c4\u008dno mese\u00c4\u008dno temperaturo zraka 4,7 \u00c2\u00b0C se torej leto\u00c5\u00a1nji marec uvr\u00c5\u00a1\u00c4\u008da med bolj obi\u00c4\u008dajne mesece. Najvi\u00c5\u00a1ja mese\u00c4\u008dna temperatura je bila letos izmerjena 19. marca (19,4 \u00c2\u00b0C), najni\u00c5\u00beja pa 23. marca (-4,4 \u00c2\u00b0C). Temperatura se je pod ledi\u00c5\u00a1\u00c4\u008de spustila v 16 dneh, 25. marca pa je bil zabele\u00c5\u00been tudi ledeni dan in temperatura je ostala negativna tudi podnevi. V 13 popoldnevih se je ogrelo vsaj do 10 \u00c2\u00b0C. Padavine so bile zelo neenakomerno razporejene in omejene na prve dni meseca. Padlo jih je 105,7 mm, kar je v okviru dolgoletne mar\u00c4\u008devske vi\u00c5\u00a1ine padavin. \u00c4\u0152eprav je bilo \u00c5\u00a1est dni s sne\u00c5\u00beno odejo, pa je maksimalna jutranja vi\u00c5\u00a1ina sne\u00c5\u00bene odeje zna\u00c5\u00a1ala samo 5 cm. Marec ni bil le bolj zasne\u00c5\u00been od februarja, temve\u00c4\u008d je bil po povpre\u00c4\u008dni temperaturi tudi enako topel, bilo je ve\u00c4\u008d dni s temperaturo pod ledi\u00c5\u00a1\u00c4\u008dem in bele\u00c5\u00beili smo tudi ledeni dan, ki ga februar ni premogel. Ob koncu meseca sta nas pre\u00c5\u00a1li dve izraziti hladni fronti, prva je s preve\u00c4\u008d ju\u00c5\u00benim ciklonskim dogajanjem v na\u00c5\u00a1ih krajih povzro\u00c4\u008dala suho, hladno in vetrovno vreme, druga pa je prinesla tudi nekaj snega in mraza, ki pa je sovpadel \u00c5\u00bee z za\u00c4\u008detkom aprila. Zasne\u00c5\u00beeno in son\u00c4\u008dno jutro 31. marca je prineslo pravo zimsko pravljico. Na mese\u00c4\u008dni ravni je prevladoval veter vzhodnih smeri in je bil pogosto tudi okrepljen.<\/p>\n<p>&nbsp;<\/p>\n<p style=\"text-align: center;\"><a href=\"http:\/\/www.slometeo.net\/zaplana\/blog\/wp-content\/uploads\/2020\/04\/marec2020.gif\" rel=\"lightbox[16547]\"><img decoding=\"async\" loading=\"lazy\" class=\"aligncenter \" src=\"http:\/\/www.slometeo.net\/zaplana\/blog\/wp-content\/uploads\/2020\/04\/marec2020.gif\" width=\"381\" height=\"170\" \/><\/a><em>Povpre\u00c4\u008dna dnevna temperatura, veter in kumulativa padavin na Zaplani marca 2020.<\/em><\/p>\n<p>&nbsp;<\/p>\n","protected":false},"excerpt":{"rendered":"<p>V osrednji Sloveniji je bil marec za stopinjo Celzija toplej\u00c5\u00a1i od temperaturnega povpre\u00c4\u008dja v referen\u00c4\u008dnem obdobju 1981-2010. V marcu smo bili dele\u00c5\u00beni za ta mesec precej bolj obi\u00c4\u008dajnih razmer kot v februarju, ki se je po \u00c5\u00a1tevilnih kriterijih izkazal za manj zimskega od marca. Zato sta zaslu\u00c5\u00beni zlasti dve izraziti hladni fronti ob koncu marca, [&hellip;]<\/p>\n","protected":false},"author":1,"featured_media":0,"comment_status":"open","ping_status":"open","sticky":false,"template":"","format":"standard","meta":[],"categories":[13],"tags":[],"_links":{"self":[{"href":"http:\/\/www.slometeo.net\/zaplana\/blog\/index.php?rest_route=\/wp\/v2\/posts\/16547"}],"collection":[{"href":"http:\/\/www.slometeo.net\/zaplana\/blog\/index.php?rest_route=\/wp\/v2\/posts"}],"about":[{"href":"http:\/\/www.slometeo.net\/zaplana\/blog\/index.php?rest_route=\/wp\/v2\/types\/post"}],"author":[{"embeddable":true,"href":"http:\/\/www.slometeo.net\/zaplana\/blog\/index.php?rest_route=\/wp\/v2\/users\/1"}],"replies":[{"embeddable":true,"href":"http:\/\/www.slometeo.net\/zaplana\/blog\/index.php?rest_route=%2Fwp%2Fv2%2Fcomments&post=16547"}],"version-history":[{"count":13,"href":"http:\/\/www.slometeo.net\/zaplana\/blog\/index.php?rest_route=\/wp\/v2\/posts\/16547\/revisions"}],"predecessor-version":[{"id":16560,"href":"http:\/\/www.slometeo.net\/zaplana\/blog\/index.php?rest_route=\/wp\/v2\/posts\/16547\/revisions\/16560"}],"wp:attachment":[{"href":"http:\/\/www.slometeo.net\/zaplana\/blog\/index.php?rest_route=%2Fwp%2Fv2%2Fmedia&parent=16547"}],"wp:term":[{"taxonomy":"category","embeddable":true,"href":"http:\/\/www.slometeo.net\/zaplana\/blog\/index.php?rest_route=%2Fwp%2Fv2%2Fcategories&post=16547"},{"taxonomy":"post_tag","embeddable":true,"href":"http:\/\/www.slometeo.net\/zaplana\/blog\/index.php?rest_route=%2Fwp%2Fv2%2Ftags&post=16547"}],"curies":[{"name":"wp","href":"https:\/\/api.w.org\/{rel}","templated":true}]}}