{"id":15699,"date":"2019-03-04T19:39:44","date_gmt":"2019-03-04T18:39:44","guid":{"rendered":"http:\/\/www.slometeo.net\/zaplana\/blog\/?p=15699"},"modified":"2019-03-04T19:39:44","modified_gmt":"2019-03-04T18:39:44","slug":"razmere-v-mraziscih-16-januar-28-februar-2019","status":"publish","type":"post","link":"http:\/\/www.slometeo.net\/zaplana\/blog\/?p=15699","title":{"rendered":"Razmere v mrazi\u00c5\u00a1\u00c4\u008dih, 16. januar &#8211; 28. februar 2019"},"content":{"rendered":"<p style=\"text-align: justify;\">Podobno kot v prvi je tudi v ve\u00c4\u008djem delu druge polovice meteorolo\u00c5\u00a1ke zime prevladovalo suho vreme z veliko jasnine, v tak\u00c5\u00a1nih vremenskih razmerah pa se mrazi\u00c5\u00a1\u00c4\u008da po temperaturi zraka navadno najbolj razlikujejo od njihove okolice. Zabele\u00c5\u00beeno je bilo ve\u00c4\u008dje \u00c5\u00a1tevilo jasnih in posledi\u00c4\u008dno mrzlih no\u00c4\u008di. Ob koncu januarja je jasnina sovpadla s sne\u00c5\u00beno odejo in zato je bilo takrat tudi najbolj mrzlo.<\/p>\n<div>\n<p style=\"text-align: justify;\">V mrazi\u00c5\u00a1\u00c4\u008du Dolinca je bila najni\u00c5\u00beja temperatura v merilnem obdobju izmerjena 26. januarja, -21,8 \u00c2\u00b0C. Na vremenski postaji Zaplana, 21 m vi\u00c5\u00a1je nad mrazi\u00c5\u00a1\u00c4\u008dem, je bilo v isti no\u00c4\u008di izmerjeno -9,9 \u00c2\u00b0C. No\u00c4\u008di s temperaturo -10 \u00c2\u00b0C ali ni\u00c5\u00bejo je bilo v Dolinci deset, kar je manj kot v prvi polovici zime. Najvi\u00c5\u00a1ja temperatura je bila izmerjena 26. februarja, 18,0 \u00c2\u00b0C, ko je bilo na vremenski postaji Zaplana zaradi ve\u00c4\u008dje prevetrenosti ob vzhodniku nekoliko manj toplo (16,2 \u00c2\u00b0C).<\/p>\n<p style=\"text-align: justify;\">V sosednjem mrazi\u00c5\u00a1\u00c4\u008du Dvoj\u00c4\u008dek je bilo v \u00c4\u008dasu kopnih tal topleje, ob sne\u00c5\u00beni odeji pa bolj mrzlo kot v Dolinci. \u00c4\u0152eprav je bila 26. januarja izmerjena za dve desetinki (-21,6 \u00c2\u00b0C) vi\u00c5\u00a1ja minimalna temperatura kot v Dolinci, pa je bilo po vmesnih vrednostih oz. ve\u00c4\u008dino no\u00c4\u008di v Dvoj\u00c4\u008dku bolj mrzlo. Nekaj dni pred tem, 20. januarja, je bilo ob jutranji razjasnitvi in posledi\u00c4\u008dno hitrem dopoldanskem ohlajanju v Dvoj\u00c4\u008dku bolj mrzlo tudi po kriteriju minimalne temperature. Izmerjeno je bilo namre\u00c4\u008d -20,3 \u00c2\u00b0C, v Dolinci pa -18,9 \u00c2\u00b0C. Podrobnej\u00c5\u00a1i podatki iz mrazi\u00c5\u00a1\u00c4\u008d Dolinca in Dvoj\u00c4\u008dek ter Ulovke so na voljo v posodobljeni <a href=\"http:\/\/www.slometeo.net\/zaplana\/podatki\/mraz.html\">rubriki mrazi\u00c5\u00a1\u00c4\u008da<\/a>.<\/p>\n<\/div>\n<p>&nbsp;<\/p>\n","protected":false},"excerpt":{"rendered":"<p>Podobno kot v prvi je tudi v ve\u00c4\u008djem delu druge polovice meteorolo\u00c5\u00a1ke zime prevladovalo suho vreme z veliko jasnine, v tak\u00c5\u00a1nih vremenskih razmerah pa se mrazi\u00c5\u00a1\u00c4\u008da po temperaturi zraka navadno najbolj razlikujejo od njihove okolice. Zabele\u00c5\u00beeno je bilo ve\u00c4\u008dje \u00c5\u00a1tevilo jasnih in posledi\u00c4\u008dno mrzlih no\u00c4\u008di. Ob koncu januarja je jasnina sovpadla s sne\u00c5\u00beno odejo in [&hellip;]<\/p>\n","protected":false},"author":1,"featured_media":0,"comment_status":"open","ping_status":"open","sticky":false,"template":"","format":"standard","meta":[],"categories":[15],"tags":[],"_links":{"self":[{"href":"http:\/\/www.slometeo.net\/zaplana\/blog\/index.php?rest_route=\/wp\/v2\/posts\/15699"}],"collection":[{"href":"http:\/\/www.slometeo.net\/zaplana\/blog\/index.php?rest_route=\/wp\/v2\/posts"}],"about":[{"href":"http:\/\/www.slometeo.net\/zaplana\/blog\/index.php?rest_route=\/wp\/v2\/types\/post"}],"author":[{"embeddable":true,"href":"http:\/\/www.slometeo.net\/zaplana\/blog\/index.php?rest_route=\/wp\/v2\/users\/1"}],"replies":[{"embeddable":true,"href":"http:\/\/www.slometeo.net\/zaplana\/blog\/index.php?rest_route=%2Fwp%2Fv2%2Fcomments&post=15699"}],"version-history":[{"count":19,"href":"http:\/\/www.slometeo.net\/zaplana\/blog\/index.php?rest_route=\/wp\/v2\/posts\/15699\/revisions"}],"predecessor-version":[{"id":15718,"href":"http:\/\/www.slometeo.net\/zaplana\/blog\/index.php?rest_route=\/wp\/v2\/posts\/15699\/revisions\/15718"}],"wp:attachment":[{"href":"http:\/\/www.slometeo.net\/zaplana\/blog\/index.php?rest_route=%2Fwp%2Fv2%2Fmedia&parent=15699"}],"wp:term":[{"taxonomy":"category","embeddable":true,"href":"http:\/\/www.slometeo.net\/zaplana\/blog\/index.php?rest_route=%2Fwp%2Fv2%2Fcategories&post=15699"},{"taxonomy":"post_tag","embeddable":true,"href":"http:\/\/www.slometeo.net\/zaplana\/blog\/index.php?rest_route=%2Fwp%2Fv2%2Ftags&post=15699"}],"curies":[{"name":"wp","href":"https:\/\/api.w.org\/{rel}","templated":true}]}}