{"id":15458,"date":"2018-11-18T19:55:09","date_gmt":"2018-11-18T18:55:09","guid":{"rendered":"http:\/\/www.slometeo.net\/zaplana\/blog\/?p=15458"},"modified":"2018-11-18T22:04:47","modified_gmt":"2018-11-18T21:04:47","slug":"prvi-jesenski-mraz-17-november-2018","status":"publish","type":"post","link":"http:\/\/www.slometeo.net\/zaplana\/blog\/?p=15458","title":{"rendered":"Prvi jesenski mraz, 17. november 2018"},"content":{"rendered":"<p style=\"text-align: justify;\">Spodnja razpredelnica vsebuje podatke o prvi jesenski negativni temperaturi zraka na vremenski postaji Zaplana, v meteorolo\u00c5\u00a1ki hi\u00c5\u00a1ici 2 m nad tlemi. V leto\u00c5\u00a1nji jeseni je bila ta izmerjena \u00c5\u00a1ele 17. novembra zve\u00c4\u008der, kar je drugi najkasnej\u00c5\u00a1i datum doslej. \u00c4\u0152asovni razkorak med prvim mrazom pri tleh in na vi\u00c5\u00a1ini 2 od tal je bil letos izjemen, saj je bila negativna temperatura pri tleh izmerjena \u00c5\u00bee 25. septembra. Takrat so bile poleg mrazi\u00c5\u00a1\u00c4\u008d prvega mraza na 2 m vi\u00c5\u00a1ine predvidoma dele\u00c5\u00bene le najbolj zati\u00c5\u00a1ne lokacije na Zaplani, kot je denimo obmo\u00c4\u008dje Jezerca.<\/p>\n<p style=\"text-align: justify;\">Druga posebnost povezana s pojavom prve leto\u00c5\u00a1nji zmrzali je dejstvo, da je bila Spodnja Zaplana v no\u00c4\u008di na 18. november v nekak\u00c5\u00a1nem toplem pasu. V vi\u00c5\u00a1jih legah je bilo hladneje zaradi ve\u00c4\u008dje nadmorske vi\u00c5\u00a1ine, v ni\u00c5\u00bejih obmo\u00c4\u008djih pa zaradi kratkotrajnega zati\u00c5\u00a1ja, ob katerem se je temperatura spustila bolj kot na prevetreni Spodnji Zaplani. \u00c4\u0152e se je na Spodnji Zaplani slana pojavila skoraj dva meseca prej kot na Zgornji Zaplani, pa je slednjo lokacijo prvi mraz na vi\u00c5\u00a1ini 2 m od tal obiskal nekaj ur prej kot v no\u00c4\u008dnem \u00c4\u008dasu obi\u00c4\u008dajno hladnej\u00c5\u00a1o Spodnjo Zaplano.<\/p>\n<p>&nbsp;<\/p>\n<blockquote><p><strong>Prva jesenska negativna temperatura &#8211; Spodnja Zaplana (566 m):<\/strong><\/p>\n<p>&nbsp;<\/p>\n<p>2018: 17. november (-0,6 \u00c2\u00b0C)<\/p>\n<p>2017: 31. oktober (-2,7 \u00c2\u00b0C)<\/p>\n<p>2016: 6. oktober (-1,2 \u00c2\u00b0C)<\/p>\n<p>2015: 20. oktober (-0,9 \u00c2\u00b0C)<\/p>\n<p>2014: 29. oktober (-1,4 \u00c2\u00b0C)<\/p>\n<p>2013: <span style=\"color: #ff6600;\">26. november (-1,7 \u00c2\u00b0C)<\/span><\/p>\n<p>2012: 28. oktober (-0,7 \u00c2\u00b0C)<\/p>\n<p>2011: 7. oktober (-0,2 \u00c2\u00b0C)<\/p>\n<p>2010: 22. oktober (-2,2\u00c2\u00b0C)<\/p>\n<p>2009: 15. oktober (-3,3\u00c2\u00b0C)<\/p>\n<p>2008: <span style=\"color: #00ffff;\">29. september (-0,1\u00c2\u00b0C)<\/span><\/p>\n<p>2007: 20. oktober (-1,3\u00c2\u00b0C)<\/p>\n<p>2006: 18. oktober (-1,7\u00c2\u00b0C)<\/p>\n<p>2005: 18. ali 19. oktober<\/p>\n<p>2004: 11. november (-0,2\u00c2\u00b0C)<\/p>\n<p>2003: 16. ali 17.oktober<\/p><\/blockquote>\n<p>&nbsp;<\/p>\n<p>Viri podatkov:<\/p>\n<ul>\n<li><a href=\"http:\/\/ovis.cgsplus.si\/OVIS\/module\/station\/default.aspx\" target=\"_blank\" rel=\"noopener\">cestna vremenska postaja Zaplana<\/a><\/li>\n<\/ul>\n<p>&nbsp;<\/p>\n","protected":false},"excerpt":{"rendered":"<p>Spodnja razpredelnica vsebuje podatke o prvi jesenski negativni temperaturi zraka na vremenski postaji Zaplana, v meteorolo\u00c5\u00a1ki hi\u00c5\u00a1ici 2 m nad tlemi. V leto\u00c5\u00a1nji jeseni je bila ta izmerjena \u00c5\u00a1ele 17. novembra zve\u00c4\u008der, kar je drugi najkasnej\u00c5\u00a1i datum doslej. \u00c4\u0152asovni razkorak med prvim mrazom pri tleh in na vi\u00c5\u00a1ini 2 od tal je bil letos izjemen, [&hellip;]<\/p>\n","protected":false},"author":1,"featured_media":0,"comment_status":"open","ping_status":"open","sticky":false,"template":"","format":"standard","meta":[],"categories":[15],"tags":[],"_links":{"self":[{"href":"http:\/\/www.slometeo.net\/zaplana\/blog\/index.php?rest_route=\/wp\/v2\/posts\/15458"}],"collection":[{"href":"http:\/\/www.slometeo.net\/zaplana\/blog\/index.php?rest_route=\/wp\/v2\/posts"}],"about":[{"href":"http:\/\/www.slometeo.net\/zaplana\/blog\/index.php?rest_route=\/wp\/v2\/types\/post"}],"author":[{"embeddable":true,"href":"http:\/\/www.slometeo.net\/zaplana\/blog\/index.php?rest_route=\/wp\/v2\/users\/1"}],"replies":[{"embeddable":true,"href":"http:\/\/www.slometeo.net\/zaplana\/blog\/index.php?rest_route=%2Fwp%2Fv2%2Fcomments&post=15458"}],"version-history":[{"count":17,"href":"http:\/\/www.slometeo.net\/zaplana\/blog\/index.php?rest_route=\/wp\/v2\/posts\/15458\/revisions"}],"predecessor-version":[{"id":15475,"href":"http:\/\/www.slometeo.net\/zaplana\/blog\/index.php?rest_route=\/wp\/v2\/posts\/15458\/revisions\/15475"}],"wp:attachment":[{"href":"http:\/\/www.slometeo.net\/zaplana\/blog\/index.php?rest_route=%2Fwp%2Fv2%2Fmedia&parent=15458"}],"wp:term":[{"taxonomy":"category","embeddable":true,"href":"http:\/\/www.slometeo.net\/zaplana\/blog\/index.php?rest_route=%2Fwp%2Fv2%2Fcategories&post=15458"},{"taxonomy":"post_tag","embeddable":true,"href":"http:\/\/www.slometeo.net\/zaplana\/blog\/index.php?rest_route=%2Fwp%2Fv2%2Ftags&post=15458"}],"curies":[{"name":"wp","href":"https:\/\/api.w.org\/{rel}","templated":true}]}}