{"id":14908,"date":"2018-03-02T10:00:51","date_gmt":"2018-03-02T09:00:51","guid":{"rendered":"http:\/\/www.slometeo.net\/zaplana\/blog\/?p=14908"},"modified":"2018-04-28T15:44:26","modified_gmt":"2018-04-28T13:44:26","slug":"razmere-v-mraziscih-16-februar-1-marec-2018","status":"publish","type":"post","link":"http:\/\/www.slometeo.net\/zaplana\/blog\/?p=14908","title":{"rendered":"Razmere v mrazi\u00c5\u00a1\u00c4\u008dih, 16. februar &#8211; 1. marec 2018"},"content":{"rendered":"<p style=\"text-align: justify;\">Zadnje merilno obdobje je bilo med zanimivej\u00c5\u00a1imi doslej. \u00c4\u0152eprav je ve\u00c4\u008ddnevni hud mraz v mrazi\u00c5\u00a1\u00c4\u008dih kulminiral v le eni no\u00c4\u008di, pa se je takrat temperatura spustila zelo nizko in se pribli\u00c5\u00beala rekordnim izmerjenim vrednostim. Izmerjena je bila najni\u00c5\u00beja temperatura za mesec februar.<\/p>\n<p style=\"text-align: justify;\">No\u00c4\u008d na 28. februar je bila dale\u00c4\u008d od idealne za izrazito no\u00c4\u008dno ohlajanje, saj so v prvem delu no\u00c4\u008di in zjutraj nebo pokrivali oblaki, severovzhodni veter pa je slabel zgolj postopno. Kljub temu je bila v mrazi\u00c5\u00a1\u00c4\u008du Dolinca najni\u00c5\u00beja temperatura -30,6 \u00c2\u00b0C, v sosednjem Dvoj\u00c4\u008dku pa celo -31,2 \u00c2\u00b0C. Na 21 m vi\u00c5\u00a1ji vremenski postaji Zaplana je bilo ob pribli\u00c5\u00beno istem \u00c4\u008dasu izmerjeno -17,4 \u00c2\u00b0C. V omenjenih mrazi\u00c5\u00a1\u00c4\u008dih se digitalna termometra nahajata na vi\u00c5\u00a1ini 2 metrov od tal v posebnem za\u00c5\u00a1\u00c4\u008ditnem ohi\u00c5\u00a1ju. Hkrati so potekale tudi vzporedne meritve s klasi\u00c4\u008dnimi alkoholnimi termometri, ki pa niso za\u00c5\u00a1\u00c4\u008diteni v ohi\u00c5\u00a1ju in so neposredno izpostavljeni tlom in nebu. Po teh meritvah je bilo v mrazi\u00c5\u00a1\u00c4\u008du Dvoj\u00c4\u008dek celo -32,1 \u00c2\u00b0C, pri \u00c4\u008demer je vrednost izmerjena to\u00c4\u008dno, vendar ni primerljiva s standardnimi meritvami v \u00c5\u00bee omenjenem za\u00c5\u00a1\u00c4\u008ditnem ohi\u00c5\u00a1ju, ki opravlja vlogo lesene meteorolo\u00c5\u00a1ke hi\u00c5\u00a1ice.<\/p>\n<p>&nbsp;<\/p>\n<p style=\"text-align: center;\"><a href=\"http:\/\/www.slometeo.net\/zaplana\/blog\/wp-content\/uploads\/2018\/03\/minimalec2.jpg\" rel=\"lightbox[14908]\"><img decoding=\"async\" loading=\"lazy\" class=\"aligncenter wp-image-14911\" src=\"http:\/\/www.slometeo.net\/zaplana\/blog\/wp-content\/uploads\/2018\/03\/minimalec2-800x539.jpg\" alt=\"\" width=\"380\" height=\"256\" srcset=\"http:\/\/www.slometeo.net\/zaplana\/blog\/wp-content\/uploads\/2018\/03\/minimalec2-800x539.jpg 800w, http:\/\/www.slometeo.net\/zaplana\/blog\/wp-content\/uploads\/2018\/03\/minimalec2-130x88.jpg 130w, http:\/\/www.slometeo.net\/zaplana\/blog\/wp-content\/uploads\/2018\/03\/minimalec2.jpg 812w\" sizes=\"(max-width: 380px) 100vw, 380px\" \/><\/a><em>-32 \u00c2\u00b0C v mrazi\u00c5\u00a1\u00c4\u008du Dvoj\u00c4\u008dek, ki le\u00c5\u00bei na nadmorski vi\u00c5\u00a1ini vsega 553 m.<\/em><\/p>\n<p>&nbsp;<\/p>\n<p style=\"text-align: justify;\">V no\u00c4\u008di na 1. marec se zaradi obla\u00c4\u008dnosti in \u00c5\u00bee nekoliko manj mrzle zra\u00c4\u008dne mase temperatura ni spustila tako nizko kot v no\u00c4\u008di poprej. Ponovno je bilo v Dvoj\u00c4\u008dku z -18,7 \u00c2\u00b0C hladneje kot v Dolinci, kjer je bilo -16,9 \u00c2\u00b0C. Tudi tokrat so bili na obeh lokacijah izmerki neza\u00c5\u00a1\u00c4\u008ditenih alkoholnih termometrov za pribli\u00c5\u00beno stopinjo ni\u00c5\u00beji od izmerkov digitalnih termometrov. \u00c5\u00a0e pred najhuj\u00c5\u00a1im mrazom sta bili podobno kot na zgornji vremenski postaji tudi merilni mesti v obeh mrazi\u00c5\u00a1\u00c4\u008dih o\u00c4\u008di\u00c5\u00a1\u00c4\u008deni snega, saj je predvsem v bolj prevetrenem mrazi\u00c5\u00a1\u00c4\u008du Dvoj\u00c4\u008dek napihan sneg deloma \u00c5\u00bee oklepal termometer.<\/p>\n<p>&nbsp;<\/p>\n<p style=\"text-align: center;\"><a href=\"http:\/\/www.slometeo.net\/zaplana\/blog\/wp-content\/uploads\/2018\/03\/dvojcek14.jpg\" rel=\"lightbox[14908]\"><img decoding=\"async\" loading=\"lazy\" class=\"aligncenter wp-image-14912\" src=\"http:\/\/www.slometeo.net\/zaplana\/blog\/wp-content\/uploads\/2018\/03\/dvojcek14-800x540.jpg\" alt=\"\" width=\"381\" height=\"257\" srcset=\"http:\/\/www.slometeo.net\/zaplana\/blog\/wp-content\/uploads\/2018\/03\/dvojcek14-800x540.jpg 800w, http:\/\/www.slometeo.net\/zaplana\/blog\/wp-content\/uploads\/2018\/03\/dvojcek14-130x88.jpg 130w, http:\/\/www.slometeo.net\/zaplana\/blog\/wp-content\/uploads\/2018\/03\/dvojcek14.jpg 812w\" sizes=\"(max-width: 381px) 100vw, 381px\" \/><\/a><em>Daljinskemu od\u00c4\u008ditavanju podatkov navkljub se je bilo potrebno zaradi klasi\u00c4\u008dnih termometrov in \u00c4\u008di\u00c5\u00a1\u00c4\u008denja snega ve\u00c4\u008dkrat spustiti v mrazi\u00c5\u00a1\u00c4\u008da.<\/em><\/p>\n<p>&nbsp;<\/p>\n<p style=\"text-align: justify;\">V povezavi z absolutnim temperaturnim rekordom v mrazi\u00c5\u00a1\u00c4\u008dih Zaplane je zgodovina pestra. Meritve v mrazi\u00c5\u00a1\u00c4\u008du Dolinca potekajo od leta 2002, najni\u00c5\u00beja izmerjena vrednost pa ostaja -31,5 \u00c2\u00b0C, koliko je bilo 20. decembra 2009. V mrazi\u00c5\u00a1\u00c4\u008du Dvoj\u00c4\u008dek, kjer je ob primernih pogojih \u00c5\u00a1e bolj mrzlo, so se meritve pri\u00c4\u008dele \u00c5\u00a1ele desetletje kasneje. Omenjena najni\u00c5\u00beja vrednost iz Dolince ni najbolj natan\u00c4\u008dna in verjetno ni najni\u00c5\u00beja. Izmerjena je bila z manj kakovostnim termometrom, prvotno izmerjena vrednost -30,5 \u00c2\u00b0C pa je bila naknadno popravljena za stopinjo navzdol, saj so po kasnej\u00c5\u00a1ih primerjavah uporabljeni termometri pri negativni temperaturi zraka kazali sistemati\u00c4\u008dno previsoko temperaturo. \u00c5\u00a0e bolj mrzlo kot v decembru 2009 je bilo 1. marca 2005, ko se je v Dolinci pokvaril termometer, temperatura pa je predvidoma dosegla vsaj -31,5 \u00c2\u00b0C. Da se lahko temperatura v mrazi\u00c5\u00a1\u00c4\u008dih Zaplane spusti \u00c5\u00a1e precej ni\u00c5\u00beje, lahko sklepamo po arhivskih podatkih z okoli\u00c5\u00a1kih meteorolo\u00c5\u00a1kih postaj, po katerih je bilo v drugi polovici prej\u00c5\u00a1njega stoletja v najhuj\u00c5\u00a1em mrazu, v vremenskih razmerah, primernih tudi za mrazi\u00c5\u00a1\u00c4\u008da, za okoli 10 \u00c2\u00b0C bolj mrzlo kot ob leto\u00c5\u00a1njem februarskem mrazu.<\/p>\n<p>&nbsp;<\/p>\n","protected":false},"excerpt":{"rendered":"<p>Zadnje merilno obdobje je bilo med zanimivej\u00c5\u00a1imi doslej. \u00c4\u0152eprav je ve\u00c4\u008ddnevni hud mraz v mrazi\u00c5\u00a1\u00c4\u008dih kulminiral v le eni no\u00c4\u008di, pa se je takrat temperatura spustila zelo nizko in se pribli\u00c5\u00beala rekordnim izmerjenim vrednostim. Izmerjena je bila najni\u00c5\u00beja temperatura za mesec februar. No\u00c4\u008d na 28. februar je bila dale\u00c4\u008d od idealne za izrazito no\u00c4\u008dno ohlajanje, [&hellip;]<\/p>\n","protected":false},"author":1,"featured_media":0,"comment_status":"open","ping_status":"open","sticky":false,"template":"","format":"standard","meta":[],"categories":[15],"tags":[],"_links":{"self":[{"href":"http:\/\/www.slometeo.net\/zaplana\/blog\/index.php?rest_route=\/wp\/v2\/posts\/14908"}],"collection":[{"href":"http:\/\/www.slometeo.net\/zaplana\/blog\/index.php?rest_route=\/wp\/v2\/posts"}],"about":[{"href":"http:\/\/www.slometeo.net\/zaplana\/blog\/index.php?rest_route=\/wp\/v2\/types\/post"}],"author":[{"embeddable":true,"href":"http:\/\/www.slometeo.net\/zaplana\/blog\/index.php?rest_route=\/wp\/v2\/users\/1"}],"replies":[{"embeddable":true,"href":"http:\/\/www.slometeo.net\/zaplana\/blog\/index.php?rest_route=%2Fwp%2Fv2%2Fcomments&post=14908"}],"version-history":[{"count":24,"href":"http:\/\/www.slometeo.net\/zaplana\/blog\/index.php?rest_route=\/wp\/v2\/posts\/14908\/revisions"}],"predecessor-version":[{"id":15046,"href":"http:\/\/www.slometeo.net\/zaplana\/blog\/index.php?rest_route=\/wp\/v2\/posts\/14908\/revisions\/15046"}],"wp:attachment":[{"href":"http:\/\/www.slometeo.net\/zaplana\/blog\/index.php?rest_route=%2Fwp%2Fv2%2Fmedia&parent=14908"}],"wp:term":[{"taxonomy":"category","embeddable":true,"href":"http:\/\/www.slometeo.net\/zaplana\/blog\/index.php?rest_route=%2Fwp%2Fv2%2Fcategories&post=14908"},{"taxonomy":"post_tag","embeddable":true,"href":"http:\/\/www.slometeo.net\/zaplana\/blog\/index.php?rest_route=%2Fwp%2Fv2%2Ftags&post=14908"}],"curies":[{"name":"wp","href":"https:\/\/api.w.org\/{rel}","templated":true}]}}