{"id":14309,"date":"2017-07-18T09:29:30","date_gmt":"2017-07-18T07:29:30","guid":{"rendered":"http:\/\/www.slometeo.net\/zaplana\/blog\/?p=14309"},"modified":"2017-07-18T09:29:30","modified_gmt":"2017-07-18T07:29:30","slug":"razmere-v-mraziscih-10-junij-17-julij-2017","status":"publish","type":"post","link":"http:\/\/www.slometeo.net\/zaplana\/blog\/?p=14309","title":{"rendered":"Razmere v mrazi\u00c5\u00a1\u00c4\u008dih, 10. junij &#8211; 17. julij 2017"},"content":{"rendered":"<p style=\"text-align: justify;\">V zadnjem merilnem nizu se temperatura zraka v mrazi\u00c5\u00a1\u00c4\u008dih ni spustila pod ledi\u00c5\u00a1\u00c4\u008de, se mu je pa zelo pribli\u00c5\u00beala. Najhladnej\u00c5\u00a1e no\u00c4\u008di so se zvrstile v dneh pred 20. junijem in okrog 16. julija.<\/p>\n<p style=\"text-align: justify;\">V mrazi\u00c5\u00a1\u00c4\u008du Dolinca je bila najni\u00c5\u00beja temperatura 0,5 \u00c2\u00b0C izmerjena 16. julija. Na 21 m vi\u00c5\u00a1je le\u00c5\u00bee\u00c4\u008di vremenski postaji Zaplana je bilo v isti no\u00c4\u008di 8,2 \u00c2\u00b0C. Negativno temperaturo zraka je v mrazi\u00c5\u00a1\u00c4\u008du prepre\u00c4\u008dila samo sprememba vetra, ki je bila proti jutru zabele\u00c5\u00beena na zgornji vremenski postaji. Na to ka\u00c5\u00bee tudi podatek, da je bil temperaturni minimum v mrazi\u00c5\u00a1\u00c4\u008du izmerjen \u00c5\u00bee ob 4:30 zjutraj, kar je vsaj eno uro bolj zgodaj kot je to obi\u00c4\u008dajno za ta del leta. Sve\u00c5\u00bea jutra so bila \u00c5\u00a1e 17. julija (0,9 \u00c2\u00b0C), 18. junija (2,0 \u00c2\u00b0C) in 19. junija (2,8 \u00c2\u00b0C). Najvi\u00c5\u00a1ja temperatura, 31,2 \u00c2\u00b0C, je bila ob vzhodniku in nato obratu v jugozahodnik izmerjena 9. julija. Tega dne je bilo na vremenski postaji Zaplana 30,9 \u00c2\u00b0C.<\/p>\n<p style=\"text-align: justify;\">V mrazi\u00c5\u00a1\u00c4\u008du se temperatura v leto\u00c5\u00a1njem meteorolo\u00c5\u00a1kem poletju \u00c5\u00a1e ni spustila pod 0 \u00c2\u00b0C. \u00c4\u0152e bo pri tem tudi ostalo, bo to \u00c5\u00a1ele drugo poletje brez izmerjene negativne temperature po za\u00c4\u008detku meritev leta 2004. To se je do sedaj zgodilo samo v poletju 2008, medtem ko povsem drug ekstrem predstavlja poletje 2006 s kar devetimi hladnimi no\u00c4\u008dmi.<\/p>\n<p>&nbsp;<\/p>\n","protected":false},"excerpt":{"rendered":"<p>V zadnjem merilnem nizu se temperatura zraka v mrazi\u00c5\u00a1\u00c4\u008dih ni spustila pod ledi\u00c5\u00a1\u00c4\u008de, se mu je pa zelo pribli\u00c5\u00beala. Najhladnej\u00c5\u00a1e no\u00c4\u008di so se zvrstile v dneh pred 20. junijem in okrog 16. julija. V mrazi\u00c5\u00a1\u00c4\u008du Dolinca je bila najni\u00c5\u00beja temperatura 0,5 \u00c2\u00b0C izmerjena 16. julija. Na 21 m vi\u00c5\u00a1je le\u00c5\u00bee\u00c4\u008di vremenski postaji Zaplana je bilo [&hellip;]<\/p>\n","protected":false},"author":1,"featured_media":0,"comment_status":"open","ping_status":"open","sticky":false,"template":"","format":"standard","meta":[],"categories":[15],"tags":[],"_links":{"self":[{"href":"http:\/\/www.slometeo.net\/zaplana\/blog\/index.php?rest_route=\/wp\/v2\/posts\/14309"}],"collection":[{"href":"http:\/\/www.slometeo.net\/zaplana\/blog\/index.php?rest_route=\/wp\/v2\/posts"}],"about":[{"href":"http:\/\/www.slometeo.net\/zaplana\/blog\/index.php?rest_route=\/wp\/v2\/types\/post"}],"author":[{"embeddable":true,"href":"http:\/\/www.slometeo.net\/zaplana\/blog\/index.php?rest_route=\/wp\/v2\/users\/1"}],"replies":[{"embeddable":true,"href":"http:\/\/www.slometeo.net\/zaplana\/blog\/index.php?rest_route=%2Fwp%2Fv2%2Fcomments&post=14309"}],"version-history":[{"count":8,"href":"http:\/\/www.slometeo.net\/zaplana\/blog\/index.php?rest_route=\/wp\/v2\/posts\/14309\/revisions"}],"predecessor-version":[{"id":14317,"href":"http:\/\/www.slometeo.net\/zaplana\/blog\/index.php?rest_route=\/wp\/v2\/posts\/14309\/revisions\/14317"}],"wp:attachment":[{"href":"http:\/\/www.slometeo.net\/zaplana\/blog\/index.php?rest_route=%2Fwp%2Fv2%2Fmedia&parent=14309"}],"wp:term":[{"taxonomy":"category","embeddable":true,"href":"http:\/\/www.slometeo.net\/zaplana\/blog\/index.php?rest_route=%2Fwp%2Fv2%2Fcategories&post=14309"},{"taxonomy":"post_tag","embeddable":true,"href":"http:\/\/www.slometeo.net\/zaplana\/blog\/index.php?rest_route=%2Fwp%2Fv2%2Ftags&post=14309"}],"curies":[{"name":"wp","href":"https:\/\/api.w.org\/{rel}","templated":true}]}}