{"id":13869,"date":"2017-03-04T14:38:11","date_gmt":"2017-03-04T13:38:11","guid":{"rendered":"http:\/\/www.slometeo.net\/zaplana\/blog\/?p=13869"},"modified":"2017-03-04T19:20:57","modified_gmt":"2017-03-04T18:20:57","slug":"razmere-v-mraziscih-4-februar-3-marec-2017","status":"publish","type":"post","link":"http:\/\/www.slometeo.net\/zaplana\/blog\/?p=13869","title":{"rendered":"Razmere v mrazi\u00c5\u00a1\u00c4\u008dih, 4. februar &#8211; 3. marec 2017"},"content":{"rendered":"<p style=\"text-align: justify;\">Vremenske razmere v tem obdobju so bile komaj podobne zimskim. \u00c4\u0152eprav se je zvrstilo nekaj jasnih no\u00c4\u008di pa za ta letni \u00c4\u008das posebnega mraza ni bilo, poleg tega so bila mrazi\u00c5\u00a1\u00c4\u008da v najbolj mrzli no\u00c4\u008di precej skromno zasne\u00c5\u00beena. Zabele\u00c5\u00beena pa je bila no\u00c4\u008d, v kateri so bila mrazi\u00c5\u00a1\u00c4\u008da od svoje vi\u00c5\u00a1je okolice hladnej\u00c5\u00a1a za 10 \u00c2\u00b0C.<\/p>\n<p style=\"text-align: justify;\">Najni\u00c5\u00beja temperatura -14,7 \u00c2\u00b0C je bila v mrazi\u00c5\u00a1\u00c4\u008du Dolinca izmerjena 26. februarja. Na vremenski postaji Zaplana, na 21 m ve\u00c4\u008dji nadmorski vi\u00c5\u00a1ini, je bilo v isti no\u00c4\u008di -4,4 \u00c2\u00b0C in po dalj\u00c5\u00a1em \u00c4\u008dasu je bila zabele\u00c5\u00beena temperaturna razlika ve\u00c4\u008dja od desetih stopinj. Poleg najhladnej\u00c5\u00a1e no\u00c4\u008di se je v mrazi\u00c5\u00a1\u00c4\u008du pod -10 \u00c2\u00b0C ohladilo \u00c5\u00a1e dvakrat. Najvi\u00c5\u00a1ja temperatura v merilnem obdobju, 11,8 \u00c2\u00b0C, je bila izmerjena v kar \u00c5\u00a1tirih dneh. Na vremenski postaji Zaplana je bilo v tem obdobju najtopleje 17. februarja, ko se je ob jugozahodniku ogrelo do 11,6 \u00c2\u00b0C.<\/p>\n<p style=\"text-align: justify;\">V sosednjem mrazi\u00c5\u00a1\u00c4\u008du Dvoj\u00c4\u008dek je bilo topleje kot v Dolinci, vendar so bili tudi primeri, ko je bilo to mrazi\u00c5\u00a1\u00c4\u008de po no\u00c4\u008dnem temperaturnem minimumu hladnej\u00c5\u00a1e. Podrobnej\u00c5\u00a1a primerjava podatkov razkriva tudi, da je bilo v Dvoj\u00c4\u008dku vsaj v prvem delu no\u00c4\u008dnega ohlajanja nekajkrat za vsaj stopinjo Celzija bolj mrzlo kot v Dolinci. V ustreznih vremenskih pogojih, ki pa jih v minulih nekaj zimah ni bilo, so v Dvoj\u00c4\u008dku predvidene opazno ni\u00c5\u00beje minimalne temperature kot v Dolinci. V okvir ustreznih vremenskih pogojev uvr\u00c5\u00a1\u00c4\u008damo popolnoma zasne\u00c5\u00beeno mrazi\u00c5\u00a1\u00c4\u008de vklju\u00c4\u008dujo\u00c4\u008d prisojna pobo\u00c4\u008dja, \u00c4\u008dim bolj debelo in puhasto sne\u00c5\u00beno odejo z veliko ujetega zraka, \u00c4\u008dim ni\u00c5\u00bejo vla\u00c5\u00benost zraka, odsotnost vetra in \u00c4\u008dim manj\u00c5\u00a1o koli\u00c4\u008dino obla\u00c4\u008dnosti.<\/p>\n<p>&nbsp;<\/p>\n<p style=\"text-align: center;\"><a href=\"http:\/\/www.slometeo.net\/zaplana\/blog\/wp-content\/uploads\/2017\/03\/graf26feb2017.gif\" target=\"_blank\" rel=\"lightbox[13869]\"><img decoding=\"async\" loading=\"lazy\" class=\"aligncenter\" src=\"http:\/\/www.slometeo.net\/zaplana\/blog\/wp-content\/uploads\/2017\/03\/graf26feb2017.gif\" width=\"380\" height=\"190\" \/><\/a><em>26. februarja je bil zrak v mrazi\u00c5\u00a1\u00c4\u008dih za 10 \u00c2\u00b0C hladnej\u00c5\u00a1i kot v okolici.<\/em><\/p>\n<p>&nbsp;<\/p>\n","protected":false},"excerpt":{"rendered":"<p>Vremenske razmere v tem obdobju so bile komaj podobne zimskim. \u00c4\u0152eprav se je zvrstilo nekaj jasnih no\u00c4\u008di pa za ta letni \u00c4\u008das posebnega mraza ni bilo, poleg tega so bila mrazi\u00c5\u00a1\u00c4\u008da v najbolj mrzli no\u00c4\u008di precej skromno zasne\u00c5\u00beena. Zabele\u00c5\u00beena pa je bila no\u00c4\u008d, v kateri so bila mrazi\u00c5\u00a1\u00c4\u008da od svoje vi\u00c5\u00a1je okolice hladnej\u00c5\u00a1a za 10 [&hellip;]<\/p>\n","protected":false},"author":1,"featured_media":0,"comment_status":"open","ping_status":"open","sticky":false,"template":"","format":"standard","meta":[],"categories":[15],"tags":[],"_links":{"self":[{"href":"http:\/\/www.slometeo.net\/zaplana\/blog\/index.php?rest_route=\/wp\/v2\/posts\/13869"}],"collection":[{"href":"http:\/\/www.slometeo.net\/zaplana\/blog\/index.php?rest_route=\/wp\/v2\/posts"}],"about":[{"href":"http:\/\/www.slometeo.net\/zaplana\/blog\/index.php?rest_route=\/wp\/v2\/types\/post"}],"author":[{"embeddable":true,"href":"http:\/\/www.slometeo.net\/zaplana\/blog\/index.php?rest_route=\/wp\/v2\/users\/1"}],"replies":[{"embeddable":true,"href":"http:\/\/www.slometeo.net\/zaplana\/blog\/index.php?rest_route=%2Fwp%2Fv2%2Fcomments&post=13869"}],"version-history":[{"count":27,"href":"http:\/\/www.slometeo.net\/zaplana\/blog\/index.php?rest_route=\/wp\/v2\/posts\/13869\/revisions"}],"predecessor-version":[{"id":13896,"href":"http:\/\/www.slometeo.net\/zaplana\/blog\/index.php?rest_route=\/wp\/v2\/posts\/13869\/revisions\/13896"}],"wp:attachment":[{"href":"http:\/\/www.slometeo.net\/zaplana\/blog\/index.php?rest_route=%2Fwp%2Fv2%2Fmedia&parent=13869"}],"wp:term":[{"taxonomy":"category","embeddable":true,"href":"http:\/\/www.slometeo.net\/zaplana\/blog\/index.php?rest_route=%2Fwp%2Fv2%2Fcategories&post=13869"},{"taxonomy":"post_tag","embeddable":true,"href":"http:\/\/www.slometeo.net\/zaplana\/blog\/index.php?rest_route=%2Fwp%2Fv2%2Ftags&post=13869"}],"curies":[{"name":"wp","href":"https:\/\/api.w.org\/{rel}","templated":true}]}}