{"id":13081,"date":"2016-08-29T23:17:25","date_gmt":"2016-08-29T21:17:25","guid":{"rendered":"http:\/\/www.slometeo.net\/zaplana\/blog\/?p=13081"},"modified":"2016-08-30T08:16:02","modified_gmt":"2016-08-30T06:16:02","slug":"nevihta-z-obilnimi-nalivi-29-avgust-2016","status":"publish","type":"post","link":"http:\/\/www.slometeo.net\/zaplana\/blog\/?p=13081","title":{"rendered":"Nevihta z obilnimi nalivi, 29. avgust 2016"},"content":{"rendered":"<p style=\"text-align: justify;\">Ko je \u00c5\u00bee kazalo, da bo Zaplani v poletju 2016 z mo\u00c4\u008dnej\u00c5\u00a1imi nevihtami prizane\u00c5\u00a1eno, pa smo ob samem izteku avgusta zabele\u00c5\u00beili nevihto leto\u00c5\u00a1njega poletja. Po kriteriju jakosti nalivov in vi\u00c5\u00a1ine padavin v kratkem \u00c4\u008dasovnem obdobju je bil to celo drugi najhuj\u00c5\u00a1i padavinski dogodek za \u00c4\u008das delovanja vremenske postaje Zaplana.<\/p>\n<p style=\"text-align: justify;\">Pred hladno vremensko fronto so v popoldanskem \u00c4\u008dasu v okolici Idrije nastale nevihte, ki so se obnavljale in se postopoma premaknile v smeri Logatca. Na Zaplani je po podatkih samodejne vremenske postaje padlo vse skupaj 73,5 mm de\u00c5\u00beja v dobri uri in od tega 5,4 mm de\u00c5\u00beja v manj kot minuti, vendar so lahko ob tako izjemnem padavinskem dogodku merodajne zgolj meritve s pomo\u00c4\u008djo klasi\u00c4\u008dnega de\u00c5\u00beemera in kasnej\u00c5\u00a1ega tehtanja vode. Ta je pokazal 81,2 mm de\u00c5\u00beja, kar tokratni padavinski dogodek uvr\u00c5\u00a1\u00c4\u008da na drugo mesto, samo za neurjem 2. julija 2007. Mo\u00c4\u008dni nalivi, veter, to\u00c4\u008da do premera 2 cm in pogoste razelektritve so razlog za tako veliko razliko v izmerjeni vi\u00c5\u00a1ini padavin med elektronskim in klasi\u00c4\u008dnim de\u00c5\u00beemerom. V Logatcu je bilo padavin bistveno manj, na uradni vremenski postaji Gornji Logatec denimo 24,6 mm, na uradni postaji Vrhnika (sicer locirani zunaj mesta) pa 35 mm.<\/p>\n<p>&nbsp;<\/p>\n<p style=\"text-align: center;\"><a href=\"http:\/\/www.slometeo.net\/zaplana\/blog\/wp-content\/uploads\/2016\/08\/radar29avg2016.jpg\" target=\"_blank\" rel=\"lightbox[13081]\"><img decoding=\"async\" loading=\"lazy\" class=\"aligncenter wp-image-13084\" src=\"http:\/\/www.slometeo.net\/zaplana\/blog\/wp-content\/uploads\/2016\/08\/radar29avg2016-800x447.jpg\" alt=\"radar29avg2016\" width=\"380\" height=\"212\" srcset=\"http:\/\/www.slometeo.net\/zaplana\/blog\/wp-content\/uploads\/2016\/08\/radar29avg2016-800x447.jpg 800w, http:\/\/www.slometeo.net\/zaplana\/blog\/wp-content\/uploads\/2016\/08\/radar29avg2016-130x73.jpg 130w, http:\/\/www.slometeo.net\/zaplana\/blog\/wp-content\/uploads\/2016\/08\/radar29avg2016.jpg 967w\" sizes=\"(max-width: 380px) 100vw, 380px\" \/><\/a><em>Radarska ocena vi\u00c5\u00a1ine padavin za \u00c4\u008das med 19:00 in 19:30 uro.<\/em><\/p>\n<p>&nbsp;<\/p>\n<p style=\"text-align: justify;\">Padavine so bile tako obilne, da je pri\u00c5\u00a1lo do ojezeritve bli\u00c5\u00benjega mrazi\u00c5\u00a1\u00c4\u008da Dvoj\u00c4\u008dek. \u00c4\u0152eprav obstajajo pri\u00c4\u008devanja o ve\u00c4\u008dji poplavi na dnu te kra\u00c5\u00a1ke vrta\u00c4\u008de za \u00c4\u008das neurja 2. julija 2007, pa se je tokrat prvi\u00c4\u008d zgodilo, da je bila le-ta tudi dokumentirana.<\/p>\n<p>&nbsp;<\/p>\n<p style=\"text-align: center;\"><a href=\"http:\/\/www.slometeo.net\/zaplana\/blog\/wp-content\/uploads\/2016\/08\/dvojcek12.jpg\" target=\"_blank\" rel=\"lightbox[13081]\"><img decoding=\"async\" loading=\"lazy\" class=\"aligncenter wp-image-13080\" src=\"http:\/\/www.slometeo.net\/zaplana\/blog\/wp-content\/uploads\/2016\/08\/dvojcek12.jpg\" alt=\"dvojcek12\" width=\"380\" height=\"288\" srcset=\"http:\/\/www.slometeo.net\/zaplana\/blog\/wp-content\/uploads\/2016\/08\/dvojcek12.jpg 664w, http:\/\/www.slometeo.net\/zaplana\/blog\/wp-content\/uploads\/2016\/08\/dvojcek12-130x99.jpg 130w\" sizes=\"(max-width: 380px) 100vw, 380px\" \/><\/a><em>Deloma ojezerjeno dno mrazi\u00c5\u00a1\u00c4\u008da Dvoj\u00c4\u008dek.<\/em><\/p>\n<p>&nbsp;<\/p>\n<p style=\"text-align: left;\">Viri podatkov:<\/p>\n<ul>\n<li style=\"text-align: left;\">radarska slika padavin, ARSO-meteo.si<\/li>\n<li style=\"text-align: left;\">BOBER samodejne meteorolo\u00c5\u00a1ke postaje, ARSO-meteo.si<\/li>\n<\/ul>\n<p>&nbsp;<\/p>\n","protected":false},"excerpt":{"rendered":"<p>Ko je \u00c5\u00bee kazalo, da bo Zaplani v poletju 2016 z mo\u00c4\u008dnej\u00c5\u00a1imi nevihtami prizane\u00c5\u00a1eno, pa smo ob samem izteku avgusta zabele\u00c5\u00beili nevihto leto\u00c5\u00a1njega poletja. Po kriteriju jakosti nalivov in vi\u00c5\u00a1ine padavin v kratkem \u00c4\u008dasovnem obdobju je bil to celo drugi najhuj\u00c5\u00a1i padavinski dogodek za \u00c4\u008das delovanja vremenske postaje Zaplana. Pred hladno vremensko fronto so v [&hellip;]<\/p>\n","protected":false},"author":1,"featured_media":0,"comment_status":"open","ping_status":"open","sticky":false,"template":"","format":"standard","meta":[],"categories":[12],"tags":[],"_links":{"self":[{"href":"http:\/\/www.slometeo.net\/zaplana\/blog\/index.php?rest_route=\/wp\/v2\/posts\/13081"}],"collection":[{"href":"http:\/\/www.slometeo.net\/zaplana\/blog\/index.php?rest_route=\/wp\/v2\/posts"}],"about":[{"href":"http:\/\/www.slometeo.net\/zaplana\/blog\/index.php?rest_route=\/wp\/v2\/types\/post"}],"author":[{"embeddable":true,"href":"http:\/\/www.slometeo.net\/zaplana\/blog\/index.php?rest_route=\/wp\/v2\/users\/1"}],"replies":[{"embeddable":true,"href":"http:\/\/www.slometeo.net\/zaplana\/blog\/index.php?rest_route=%2Fwp%2Fv2%2Fcomments&post=13081"}],"version-history":[{"count":19,"href":"http:\/\/www.slometeo.net\/zaplana\/blog\/index.php?rest_route=\/wp\/v2\/posts\/13081\/revisions"}],"predecessor-version":[{"id":13101,"href":"http:\/\/www.slometeo.net\/zaplana\/blog\/index.php?rest_route=\/wp\/v2\/posts\/13081\/revisions\/13101"}],"wp:attachment":[{"href":"http:\/\/www.slometeo.net\/zaplana\/blog\/index.php?rest_route=%2Fwp%2Fv2%2Fmedia&parent=13081"}],"wp:term":[{"taxonomy":"category","embeddable":true,"href":"http:\/\/www.slometeo.net\/zaplana\/blog\/index.php?rest_route=%2Fwp%2Fv2%2Fcategories&post=13081"},{"taxonomy":"post_tag","embeddable":true,"href":"http:\/\/www.slometeo.net\/zaplana\/blog\/index.php?rest_route=%2Fwp%2Fv2%2Ftags&post=13081"}],"curies":[{"name":"wp","href":"https:\/\/api.w.org\/{rel}","templated":true}]}}