{"id":11172,"date":"2014-12-11T15:21:24","date_gmt":"2014-12-11T14:21:24","guid":{"rendered":"http:\/\/www.slometeo.net\/zaplana\/blog\/?p=11172"},"modified":"2015-01-19T17:09:07","modified_gmt":"2015-01-19T16:09:07","slug":"ivje-in-zled-na-javorniku-decembra-2014","status":"publish","type":"post","link":"http:\/\/www.slometeo.net\/zaplana\/blog\/?p=11172","title":{"rendered":"Ivje in \u00c5\u00beled na Javorniku decembra 2014"},"content":{"rendered":"<p style=\"text-align: justify;\">V za\u00c4\u008detku leto\u00c5\u00a1njega decembra se je pojavil \u00c5\u00beled v vi\u00c5\u00a1je le\u00c5\u00bee\u00c4\u008dih krajih. Na Zaplani sta ivje in \u00c5\u00beled nastajala nad okoli 700 m nadmorske vi\u00c5\u00a1ine predvsem na obmo\u00c4\u008dju Ulovke. Na \u00c5\u00a1e vi\u00c5\u00a1jih obmo\u00c4\u008djih je negativna temperatura zraka vztrajala dlje \u00c4\u008dasa, s tem pa je bilo obdobje \u00c5\u00beledenja in nastajanja ivja dolgotrajnej\u00c5\u00a1e. Eno takih obmo\u00c4\u008dij je Javornik, ki se ga je dalo v povsem zimski preobleki ob\u00c4\u008dudovati z ve\u00c4\u008djega dela Zaplane.<\/p>\n<p>&nbsp;<\/p>\n<p><a href=\"http:\/\/www.slometeo.net\/zaplana\/blog\/wp-content\/uploads\/2014\/12\/javornik73.jpg\" target=\"_blank\" rel=\"lightbox[11172]\"><img decoding=\"async\" loading=\"lazy\" class=\"aligncenter wp-image-11182\" src=\"http:\/\/www.slometeo.net\/zaplana\/blog\/wp-content\/uploads\/2014\/12\/javornik73-800x241.jpg\" alt=\"javornik73\" width=\"601\" height=\"181\" srcset=\"http:\/\/www.slometeo.net\/zaplana\/blog\/wp-content\/uploads\/2014\/12\/javornik73-800x241.jpg 800w, http:\/\/www.slometeo.net\/zaplana\/blog\/wp-content\/uploads\/2014\/12\/javornik73-130x39.jpg 130w, http:\/\/www.slometeo.net\/zaplana\/blog\/wp-content\/uploads\/2014\/12\/javornik73.jpg 1240w\" sizes=\"(max-width: 601px) 100vw, 601px\" \/><\/a><\/p>\n<p>&nbsp;<\/p>\n<h3>Javornik<\/h3>\n<p style=\"text-align: justify;\">V javnosti pogosto prihaja do zamenjave z Javorniki nad Cerknico, visoko kra\u00c5\u00a1ko planoto, kjer se nahajata vrhova Mali in Veliki Javornik. To poro\u00c4\u008dilo pa se ukvarja z Javornikom nad Hotedr\u00c5\u00a1ico, \u00c4\u0152rnim Vrhom nad Idrijo in Colom. Javornik je obmo\u00c4\u008dje, naselje in vrh z nadmorsko vi\u00c5\u00a1ino 1240 m, na katerem stoji tudi razgledni stolp. V bli\u00c5\u00beini vrha se nahajata planinska ko\u00c4\u008da in istoimensko smu\u00c4\u008di\u00c5\u00a1\u00c4\u008de.<\/p>\n<p style=\"text-align: justify;\">Iz vremenskega stali\u00c5\u00a1\u00c4\u008da je Javornik zelo zanimivo obmo\u00c4\u008dje, saj gre za masivno oz. neprekinjeno gorsko pregrado, usmerjeno pribli\u00c5\u00beno v smeri jugovzhod &#8211; severozahod. Masivna pregrada pomeni, da dotekajo\u00c4\u008da zra\u00c4\u008dna masa iz vzhoda pregrade ne more obte\u00c4\u008di (kot v primeru, \u00c4\u008de bi \u00c5\u00a1lo za osamljen vrh), temve\u00c4\u008d se je zrak prisiljen dvigniti, pri \u00c4\u008demer prihaja do njegovega ohlajanja in izlo\u00c4\u008danja vlage. Ve\u00c4\u008dja je koli\u00c4\u008dina padavin, posledi\u00c4\u008dno pa so izrazitej\u00c5\u00a1i vremenski pojavi, kot sta \u00c5\u00beled in ivje. Ivje lahko pozimi vidimo tudi v ve\u00c4\u008djem delu Zaplane, \u00c5\u00a1e posebej pa na razglednem stolpu na Planini nad Vrhniko.<\/p>\n<p>&nbsp;<\/p>\n<h3><strong>Vremenske razmere na Javorniku v za\u00c4\u008detku decembra 2014<br \/>\n<\/strong><\/h3>\n<p style=\"text-align: justify;\">Zgornja fotografija ka\u00c5\u00bee stanje na Javorniku od dale\u00c4\u008d, dejanske razmere pa smo si pobli\u00c5\u00bee ogledali \u00c4\u008dlani Dru\u00c5\u00a1tva za raziskovanje vremena in podnebja. Razmere smo preverili ve\u00c4\u008dkrat, pogoji za fotografiranje pa so bili najbolj ugodni 9. in 10. decembra. Zimska preobleka Javornika, ki je bila vidna z Zaplane, je pomenila vse kaj drugega kot sneg. S kamere na tamkaj\u00c5\u00a1njem smu\u00c4\u008di\u00c5\u00a1\u00c4\u008du so prihajale v javnost pretresljive slike \u00c5\u00beleda in ivja na \u00c5\u00bei\u00c4\u008dni\u00c5\u00a1kih napravah, celotna zgodba pa se je zna\u00c5\u00a1la tudi v medijih.<\/p>\n<p style=\"text-align: justify;\">Po podatkih vremenske postaje, ki smo jo na Javorniku v dru\u00c5\u00a1tvu postavili \u00c5\u00bee pred leti, se je temperatura zraka pod ni\u00c4\u008dlo spustila 1. decembra pono\u00c4\u008di, nato pa je vztrajala pod ledi\u00c5\u00a1\u00c4\u008dem vsaj do 7. decembra, bistveno pa ga ni presegla tudi v kasnej\u00c5\u00a1ih dneh. V prvem delu obdobja so se pojavljale ob\u00c4\u008dasne padavine v obliki podhlajenega de\u00c5\u00beja, ki je zmrzoval ob stiku s tlemi in drevjem. Isto\u00c4\u008dasno\u00c2\u00a0 je zaradi primrzovanja megle na predmetih nastajalo \u00c5\u00a1e ivje. \u00c4\u0152lanom dru\u00c5\u00a1tva je obilno nastajanje ivja na Javorniku znano \u00c5\u00bee iz preteklih let, le da je bilo tokrat ob hkratnem \u00c5\u00beledu najve\u00c4\u008dje zabele\u00c5\u00beeno doslej.<\/p>\n<p>&nbsp;<\/p>\n<h3><strong>Dejanske razmere od blizu<\/strong><\/h3>\n<p style=\"text-align: justify;\">9. decembra je v son\u00c4\u008dnem vremenu nekaj ivja \u00c5\u00bee odpadlo, vendar se je naslednji dan pokazalo, da na samem grebenu Javornika odjuga ni bila tako izrazita kot v ni\u00c5\u00bejih legah in drugod na gorski pregradi (npr. na Nanosu). Februarski \u00c5\u00beled se je tega obmo\u00c4\u008dja povsem izognil, je pa zato v minulih dneh kombinacija \u00c5\u00beleda in ivja v teh gozdovih povzro\u00c4\u008dila veliko \u00c5\u00a1kodo.<\/p>\n<p>&nbsp;<\/p>\n<p><a href=\"http:\/\/www.slometeo.net\/zaplana\/blog\/wp-content\/uploads\/2014\/12\/javornik74.jpg\" target=\"_blank\" rel=\"lightbox[11172]\"><img decoding=\"async\" loading=\"lazy\" class=\"aligncenter wp-image-11183\" src=\"http:\/\/www.slometeo.net\/zaplana\/blog\/wp-content\/uploads\/2014\/12\/javornik74.jpg\" alt=\"javornik74\" width=\"450\" height=\"342\" srcset=\"http:\/\/www.slometeo.net\/zaplana\/blog\/wp-content\/uploads\/2014\/12\/javornik74.jpg 668w, http:\/\/www.slometeo.net\/zaplana\/blog\/wp-content\/uploads\/2014\/12\/javornik74-130x98.jpg 130w\" sizes=\"(max-width: 450px) 100vw, 450px\" \/><\/a><\/p>\n<p><a href=\"http:\/\/www.slometeo.net\/zaplana\/blog\/wp-content\/uploads\/2014\/12\/javornik75.jpg\" target=\"_blank\" rel=\"lightbox[11172]\"><img decoding=\"async\" loading=\"lazy\" class=\"aligncenter wp-image-11184\" src=\"http:\/\/www.slometeo.net\/zaplana\/blog\/wp-content\/uploads\/2014\/12\/javornik75.jpg\" alt=\"javornik75\" width=\"450\" height=\"342\" srcset=\"http:\/\/www.slometeo.net\/zaplana\/blog\/wp-content\/uploads\/2014\/12\/javornik75.jpg 668w, http:\/\/www.slometeo.net\/zaplana\/blog\/wp-content\/uploads\/2014\/12\/javornik75-130x98.jpg 130w\" sizes=\"(max-width: 450px) 100vw, 450px\" \/><\/a><\/p>\n<p style=\"text-align: justify;\">Kot smo pri\u00c4\u008dakovali, so nas najdebelej\u00c5\u00a1e obloge ivja in \u00c5\u00beleda pri\u00c4\u008dakale na 1240 m visokem grebenu Javornika. Tu je temperatura zraka najni\u00c5\u00beja, veter pa najmo\u00c4\u008dnej\u00c5\u00a1i, ob prehajanju megle \u00c4\u008dez greben nastaja ivje. Zaradi slabih rasti\u00c4\u008dnih pogojev uspevajo na grebenu manj\u00c5\u00a1e in nekoliko zakrnele bukve. Te so bile obdane z debelimi oblogami ivja.<\/p>\n<p>&nbsp;<\/p>\n<p><a href=\"http:\/\/www.slometeo.net\/zaplana\/blog\/wp-content\/uploads\/2014\/12\/javornik76.jpg\" target=\"_blank\" rel=\"lightbox[11172]\"><img decoding=\"async\" loading=\"lazy\" class=\"aligncenter wp-image-11185\" src=\"http:\/\/www.slometeo.net\/zaplana\/blog\/wp-content\/uploads\/2014\/12\/javornik76.jpg\" alt=\"javornik76\" width=\"450\" height=\"342\" srcset=\"http:\/\/www.slometeo.net\/zaplana\/blog\/wp-content\/uploads\/2014\/12\/javornik76.jpg 668w, http:\/\/www.slometeo.net\/zaplana\/blog\/wp-content\/uploads\/2014\/12\/javornik76-130x98.jpg 130w\" sizes=\"(max-width: 450px) 100vw, 450px\" \/><\/a><\/p>\n<p><a href=\"http:\/\/www.slometeo.net\/zaplana\/blog\/wp-content\/uploads\/2014\/12\/javornik77.jpg\" target=\"_blank\" rel=\"lightbox[11172]\"><img decoding=\"async\" loading=\"lazy\" class=\"aligncenter wp-image-11186\" src=\"http:\/\/www.slometeo.net\/zaplana\/blog\/wp-content\/uploads\/2014\/12\/javornik77.jpg\" alt=\"javornik77\" width=\"450\" height=\"342\" srcset=\"http:\/\/www.slometeo.net\/zaplana\/blog\/wp-content\/uploads\/2014\/12\/javornik77.jpg 668w, http:\/\/www.slometeo.net\/zaplana\/blog\/wp-content\/uploads\/2014\/12\/javornik77-130x98.jpg 130w\" sizes=\"(max-width: 450px) 100vw, 450px\" \/><\/a><\/p>\n<p><a href=\"http:\/\/www.slometeo.net\/zaplana\/blog\/wp-content\/uploads\/2014\/12\/javornik78.jpg\" target=\"_blank\" rel=\"lightbox[11172]\"><img decoding=\"async\" loading=\"lazy\" class=\"aligncenter wp-image-11187 \" src=\"http:\/\/www.slometeo.net\/zaplana\/blog\/wp-content\/uploads\/2014\/12\/javornik78.jpg\" alt=\"javornik78\" width=\"450\" height=\"342\" srcset=\"http:\/\/www.slometeo.net\/zaplana\/blog\/wp-content\/uploads\/2014\/12\/javornik78.jpg 668w, http:\/\/www.slometeo.net\/zaplana\/blog\/wp-content\/uploads\/2014\/12\/javornik78-130x98.jpg 130w\" sizes=\"(max-width: 450px) 100vw, 450px\" \/><\/a><\/p>\n<p><a href=\"http:\/\/www.slometeo.net\/zaplana\/blog\/wp-content\/uploads\/2014\/12\/javornik79.jpg\" target=\"_blank\" rel=\"lightbox[11172]\"><img decoding=\"async\" loading=\"lazy\" class=\"aligncenter wp-image-11188 \" src=\"http:\/\/www.slometeo.net\/zaplana\/blog\/wp-content\/uploads\/2014\/12\/javornik79.jpg\" alt=\"javornik79\" width=\"450\" height=\"342\" srcset=\"http:\/\/www.slometeo.net\/zaplana\/blog\/wp-content\/uploads\/2014\/12\/javornik79.jpg 668w, http:\/\/www.slometeo.net\/zaplana\/blog\/wp-content\/uploads\/2014\/12\/javornik79-130x98.jpg 130w\" sizes=\"(max-width: 450px) 100vw, 450px\" \/><\/a><\/p>\n<p>Razgledni stolp je bil v najdebelej\u00c5\u00a1em ivju v zadnjih nekaj letih, od kar \u00c4\u008dlani dru\u00c5\u00a1tva obiskujemo Javornik. Pihal je mo\u00c4\u008dan veter.<\/p>\n<p><a href=\"http:\/\/www.slometeo.net\/zaplana\/blog\/wp-content\/uploads\/2014\/12\/javornik80.jpg\" target=\"_blank\" rel=\"lightbox[11172]\"><img decoding=\"async\" loading=\"lazy\" class=\"aligncenter wp-image-11189 \" src=\"http:\/\/www.slometeo.net\/zaplana\/blog\/wp-content\/uploads\/2014\/12\/javornik80.jpg\" alt=\"javornik80\" width=\"450\" height=\"342\" srcset=\"http:\/\/www.slometeo.net\/zaplana\/blog\/wp-content\/uploads\/2014\/12\/javornik80.jpg 668w, http:\/\/www.slometeo.net\/zaplana\/blog\/wp-content\/uploads\/2014\/12\/javornik80-130x98.jpg 130w\" sizes=\"(max-width: 450px) 100vw, 450px\" \/><\/a><\/p>\n<p>Izmerjena dol\u00c5\u00beina ivja je na lestvi pod stolpom zna\u00c5\u00a1ala kar 170 cm.<\/p>\n<p><a href=\"http:\/\/www.slometeo.net\/zaplana\/blog\/wp-content\/uploads\/2014\/12\/javornik81.jpg\" target=\"_blank\" rel=\"lightbox[11172]\"><img decoding=\"async\" loading=\"lazy\" class=\"aligncenter wp-image-11190\" src=\"http:\/\/www.slometeo.net\/zaplana\/blog\/wp-content\/uploads\/2014\/12\/javornik81.jpg\" alt=\"javornik81\" width=\"450\" height=\"342\" srcset=\"http:\/\/www.slometeo.net\/zaplana\/blog\/wp-content\/uploads\/2014\/12\/javornik81.jpg 668w, http:\/\/www.slometeo.net\/zaplana\/blog\/wp-content\/uploads\/2014\/12\/javornik81-130x98.jpg 130w\" sizes=\"(max-width: 450px) 100vw, 450px\" \/><\/a><\/p>\n<p>Okoli\u00c5\u00a1ki ledeni travniki &#8211; vsaka rastlina posebej je bila v ledenem oklepu.<\/p>\n<p><a href=\"http:\/\/www.slometeo.net\/zaplana\/blog\/wp-content\/uploads\/2014\/12\/javornik83.jpg\" target=\"_blank\" rel=\"lightbox[11172]\"><img decoding=\"async\" loading=\"lazy\" class=\"aligncenter wp-image-11192 \" src=\"http:\/\/www.slometeo.net\/zaplana\/blog\/wp-content\/uploads\/2014\/12\/javornik83.jpg\" alt=\"javornik83\" width=\"450\" height=\"342\" srcset=\"http:\/\/www.slometeo.net\/zaplana\/blog\/wp-content\/uploads\/2014\/12\/javornik83.jpg 668w, http:\/\/www.slometeo.net\/zaplana\/blog\/wp-content\/uploads\/2014\/12\/javornik83-130x98.jpg 130w\" sizes=\"(max-width: 450px) 100vw, 450px\" \/><\/a><\/p>\n<p><a href=\"http:\/\/www.slometeo.net\/zaplana\/blog\/wp-content\/uploads\/2014\/12\/javornik84.jpg\" target=\"_blank\" rel=\"lightbox[11172]\"><img decoding=\"async\" loading=\"lazy\" class=\"aligncenter wp-image-11193 \" src=\"http:\/\/www.slometeo.net\/zaplana\/blog\/wp-content\/uploads\/2014\/12\/javornik84.jpg\" alt=\"javornik84\" width=\"450\" height=\"342\" srcset=\"http:\/\/www.slometeo.net\/zaplana\/blog\/wp-content\/uploads\/2014\/12\/javornik84.jpg 668w, http:\/\/www.slometeo.net\/zaplana\/blog\/wp-content\/uploads\/2014\/12\/javornik84-130x98.jpg 130w\" sizes=\"(max-width: 450px) 100vw, 450px\" \/><\/a><\/p>\n<p>Ostra lo\u00c4\u008dnica, nad katero se pri\u00c4\u008dne ivje.<\/p>\n<p><a href=\"http:\/\/www.slometeo.net\/zaplana\/blog\/wp-content\/uploads\/2014\/12\/javornik85.jpg\" target=\"_blank\" rel=\"lightbox[11172]\"><img decoding=\"async\" loading=\"lazy\" class=\"aligncenter wp-image-11194 \" src=\"http:\/\/www.slometeo.net\/zaplana\/blog\/wp-content\/uploads\/2014\/12\/javornik85.jpg\" alt=\"javornik85\" width=\"450\" height=\"342\" srcset=\"http:\/\/www.slometeo.net\/zaplana\/blog\/wp-content\/uploads\/2014\/12\/javornik85.jpg 668w, http:\/\/www.slometeo.net\/zaplana\/blog\/wp-content\/uploads\/2014\/12\/javornik85-130x98.jpg 130w\" sizes=\"(max-width: 450px) 100vw, 450px\" \/><\/a><\/p>\n<p>&nbsp;<\/p>\n<p>Preostale fotografije si lahko ogledate na <a href=\"https:\/\/www.facebook.com\/pages\/Dru%C5%A1tvo-za-raziskovanje-vremena-in-podnebja\/177257019065671\" target=\"_blank\">Facebook strani<\/a> Dru\u00c5\u00a1tva za raziskovanje vremena in podnebja.<\/p>\n<p>&nbsp;<\/p>\n","protected":false},"excerpt":{"rendered":"<p>V za\u00c4\u008detku leto\u00c5\u00a1njega decembra se je pojavil \u00c5\u00beled v vi\u00c5\u00a1je le\u00c5\u00bee\u00c4\u008dih krajih. Na Zaplani sta ivje in \u00c5\u00beled nastajala nad okoli 700 m nadmorske vi\u00c5\u00a1ine predvsem na obmo\u00c4\u008dju Ulovke. Na \u00c5\u00a1e vi\u00c5\u00a1jih obmo\u00c4\u008djih je negativna temperatura zraka vztrajala dlje \u00c4\u008dasa, s tem pa je bilo obdobje \u00c5\u00beledenja in nastajanja ivja dolgotrajnej\u00c5\u00a1e. Eno takih obmo\u00c4\u008dij je [&hellip;]<\/p>\n","protected":false},"author":1,"featured_media":0,"comment_status":"open","ping_status":"open","sticky":false,"template":"","format":"standard","meta":[],"categories":[11],"tags":[],"_links":{"self":[{"href":"http:\/\/www.slometeo.net\/zaplana\/blog\/index.php?rest_route=\/wp\/v2\/posts\/11172"}],"collection":[{"href":"http:\/\/www.slometeo.net\/zaplana\/blog\/index.php?rest_route=\/wp\/v2\/posts"}],"about":[{"href":"http:\/\/www.slometeo.net\/zaplana\/blog\/index.php?rest_route=\/wp\/v2\/types\/post"}],"author":[{"embeddable":true,"href":"http:\/\/www.slometeo.net\/zaplana\/blog\/index.php?rest_route=\/wp\/v2\/users\/1"}],"replies":[{"embeddable":true,"href":"http:\/\/www.slometeo.net\/zaplana\/blog\/index.php?rest_route=%2Fwp%2Fv2%2Fcomments&post=11172"}],"version-history":[{"count":39,"href":"http:\/\/www.slometeo.net\/zaplana\/blog\/index.php?rest_route=\/wp\/v2\/posts\/11172\/revisions"}],"predecessor-version":[{"id":11354,"href":"http:\/\/www.slometeo.net\/zaplana\/blog\/index.php?rest_route=\/wp\/v2\/posts\/11172\/revisions\/11354"}],"wp:attachment":[{"href":"http:\/\/www.slometeo.net\/zaplana\/blog\/index.php?rest_route=%2Fwp%2Fv2%2Fmedia&parent=11172"}],"wp:term":[{"taxonomy":"category","embeddable":true,"href":"http:\/\/www.slometeo.net\/zaplana\/blog\/index.php?rest_route=%2Fwp%2Fv2%2Fcategories&post=11172"},{"taxonomy":"post_tag","embeddable":true,"href":"http:\/\/www.slometeo.net\/zaplana\/blog\/index.php?rest_route=%2Fwp%2Fv2%2Ftags&post=11172"}],"curies":[{"name":"wp","href":"https:\/\/api.w.org\/{rel}","templated":true}]}}